{"id":14203,"date":"2025-11-22T16:32:42","date_gmt":"2025-11-22T19:32:42","guid":{"rendered":"https:\/\/realidadsur.com.ar\/?p=14203"},"modified":"2025-11-22T16:32:44","modified_gmt":"2025-11-22T19:32:44","slug":"milei-podria-tener-su-foto-con-chiqui-tapia-y-lionel-messi","status":"publish","type":"post","link":"https:\/\/realidadsur.com.ar\/?p=14203","title":{"rendered":"MILEI PODR\u00cdA TENER SU FOTO CON CHIQUI TAPIA Y LIONEL MESSI"},"content":{"rendered":"\n<p>El presidente Javier Milei volver\u00e1 a visitar los Estados Unidos en los primeros d\u00edas de diciembre para participar del sorteo del Mundial 2026, y crece la expectativa en Casa Rosada por la posible fotograf\u00eda con el capit\u00e1n de la Selecci\u00f3n argentina, Lionel Messi. Si es durante la ceremonia, podr\u00eda aparecer junto al presidente de la asociaci\u00f3n campeona del mundo, Chiqui Tapia.<\/p>\n\n\n\n<p>Sin embargo, las miradas de los libertarios est\u00e1n puesta con ansiedad en la posible foto con el astro del f\u00fatbol, y actual jugador de Inter Miami, algo que hasta el momento nunca sucedi\u00f3.<\/p>\n\n\n\n<p>La \u00faltima vez que estuvo en Estados Unidos, Milei asisti\u00f3 el mismo foro en Miami donde tambi\u00e9n particip\u00f3 Messi, pero no se llegaron a cruzar.<\/p>\n\n\n\n<p>Ahora, el Presidente fue invitado a participar del sorteo por su aliado, el mandatario norteamericano Donald Trump, y el evento internacional amerita una invitaci\u00f3n especial tambi\u00e9n para Messi y Claudio Tapia.<\/p>\n","protected":false},"excerpt":{"rendered":"<p>El presidente Javier Milei volver\u00e1 a visitar los Estados Unidos en los primeros d\u00edas de&#8230;<\/p>\n","protected":false},"author":2,"featured_media":14204,"comment_status":"open","ping_status":"open","sticky":false,"template":"","format":"standard","meta":{"_jetpack_memberships_contains_paid_content":false,"footnotes":""},"categories":[3970,3,3978],"tags":[2872,200,169],"class_list":["post-14203","post","type-post","status-publish","format-standard","has-post-thumbnail","hentry","category-deportes","category-nacion","category-politica","tag-claudio-chiqui-tapia-2","tag-javier-milei","tag-lionel-messi"],"jetpack_featured_media_url":"https:\/\/realidadsur.com.ar\/wp-content\/uploads\/2025\/11\/El-presidente-de-la-AFA-y-el-capitan-de-la-seleccion.avif","jetpack_sharing_enabled":true,"_links":{"self":[{"href":"https:\/\/realidadsur.com.ar\/index.php?rest_route=\/wp\/v2\/posts\/14203","targetHints":{"allow":["GET"]}}],"collection":[{"href":"https:\/\/realidadsur.com.ar\/index.php?rest_route=\/wp\/v2\/posts"}],"about":[{"href":"https:\/\/realidadsur.com.ar\/index.php?rest_route=\/wp\/v2\/types\/post"}],"author":[{"embeddable":true,"href":"https:\/\/realidadsur.com.ar\/index.php?rest_route=\/wp\/v2\/users\/2"}],"replies":[{"embeddable":true,"href":"https:\/\/realidadsur.com.ar\/index.php?rest_route=%2Fwp%2Fv2%2Fcomments&post=14203"}],"version-history":[{"count":1,"href":"https:\/\/realidadsur.com.ar\/index.php?rest_route=\/wp\/v2\/posts\/14203\/revisions"}],"predecessor-version":[{"id":14205,"href":"https:\/\/realidadsur.com.ar\/index.php?rest_route=\/wp\/v2\/posts\/14203\/revisions\/14205"}],"wp:featuredmedia":[{"embeddable":true,"href":"https:\/\/realidadsur.com.ar\/index.php?rest_route=\/wp\/v2\/media\/14204"}],"wp:attachment":[{"href":"https:\/\/realidadsur.com.ar\/index.php?rest_route=%2Fwp%2Fv2%2Fmedia&parent=14203"}],"wp:term":[{"taxonomy":"category","embeddable":true,"href":"https:\/\/realidadsur.com.ar\/index.php?rest_route=%2Fwp%2Fv2%2Fcategories&post=14203"},{"taxonomy":"post_tag","embeddable":true,"href":"https:\/\/realidadsur.com.ar\/index.php?rest_route=%2Fwp%2Fv2%2Ftags&post=14203"}],"curies":[{"name":"wp","href":"https:\/\/api.w.org\/{rel}","templated":true}]}}