{"id":14225,"date":"2025-11-24T15:40:05","date_gmt":"2025-11-24T18:40:05","guid":{"rendered":"https:\/\/realidadsur.com.ar\/?p=14225"},"modified":"2025-11-24T15:40:07","modified_gmt":"2025-11-24T18:40:07","slug":"dolor-y-pesar-por-el-fallecimiento-del-doctor-juan-jose-mussi-intendente-de-berazategui","status":"publish","type":"post","link":"https:\/\/realidadsur.com.ar\/?p=14225","title":{"rendered":"DOLOR Y PESAR POR EL FALLECIMIENTO DEL DOCTOR JUAN JOS\u00c9 MUSSI, INTENDENTE DE BERAZATEGUI"},"content":{"rendered":"\n<p>En horas del mediod\u00eda de hoy se conoci\u00f3 el fallecimiento del intendente de Berazategui, doctor Juan Jos\u00e9 Mussi. Un hombre respetado por los vecinos de ese distrito, que lo llevaron a ser su gobernante elegido en varias ocasiones. El Peronismo de su distrito, el bonaerense y nacional dieron las primeras muestras de dolor y pesar.<\/p>\n\n\n\n<p>La expresidenta Cristina Kirchner expres\u00f3 su dolor en redes sociales: &#8220;Me acaban de comunicar el fallecimiento del Dr. Juan Jos\u00e9 Mussi. Gran e hist\u00f3rico Intendente de la localidad bonaerense de Berazategui. Peronista de toda la vida. Fue tambi\u00e9n Secretario de Ambiente y Desarrollo Sustentable de la Naci\u00f3n durante nuestra gesti\u00f3n&#8221;, escribi\u00f3, y agreg\u00f3: &#8220;Nuestro acompa\u00f1amiento y condolencias a familiares y amigos\u2026 y, en especial, a su hijo Patricio, que tambi\u00e9n fuera intendente de Berazategui, y por quien tengo un gran afecto&#8221;.<\/p>\n\n\n\n<p>&#8220;Con much\u00edsima tristeza despedimos al querido Juan Jos\u00e9 Mussi. Un militante incansable, referente hist\u00f3rico del peronismo y sobre todo un compa\u00f1ero ejemplar, solidario y comprometido con los derechos de nuestro pueblo. Un abrazo a sus familiares y amigos y a todos los vecinos de Berazategui. Lo vamos a extra\u00f1ar&#8221;, sum\u00f3 Axel Kicillof.<\/p>\n\n\n\n<p>Patricio Mussi, hijo y tambi\u00e9n ex intendente de Berazategui, se limit\u00f3 a publicar una foto de su padre y escribir: &#8220;Infinito&#8221;.<\/p>\n\n\n\n<figure class=\"wp-block-image size-full is-resized\"><img data-recalc-dims=\"1\" loading=\"lazy\" decoding=\"async\" width=\"517\" height=\"640\" src=\"https:\/\/i0.wp.com\/realidadsur.com.ar\/wp-content\/uploads\/2025\/11\/La-foto-que-publico-Patricio-Mussi.jpg?resize=517%2C640&#038;ssl=1\" alt=\"\" class=\"wp-image-14229\" style=\"width:476px;height:auto\" srcset=\"https:\/\/i0.wp.com\/realidadsur.com.ar\/wp-content\/uploads\/2025\/11\/La-foto-que-publico-Patricio-Mussi.jpg?w=517&amp;ssl=1 517w, https:\/\/i0.wp.com\/realidadsur.com.ar\/wp-content\/uploads\/2025\/11\/La-foto-que-publico-Patricio-Mussi.jpg?resize=242%2C300&amp;ssl=1 242w\" sizes=\"auto, (max-width: 517px) 100vw, 517px\" \/><\/figure>\n\n\n\n<p>La cuenta oficial del fallecido Jefe comunal y l\u00edder del peronismo local inform\u00f3: &#8220;Vecinos y vecinas, queremos informarles con profundo dolor que nuestro querido Intendente, el Dr. Juan Jos\u00e9 Mussi, falleci\u00f3 hoy, lunes 24 de noviembre de 2025&#8221;.<\/p>\n\n\n\n<p>&#8220;Se encontraba internado en el Hospital de Alta Complejidad El Cruce \u2013 N\u00e9stor Kirchner y fue atendido por un equipo especializado que hizo todo lo posible&#8221;, a\u00f1adi\u00f3.<\/p>\n\n\n\n<p>Luego, agreg\u00f3: &#8220;Hoy despedimos a un gran Intendente, pero sobre todo a un gran compa\u00f1ero. Un hombre que hizo de la gesti\u00f3n una forma concreta de transformar la vida de su pueblo&#8221;.<\/p>\n\n\n\n<p>&#8220;Su legado vive en cada calle, en cada barrio, en cada obra que impuls\u00f3 y en cada pol\u00edtica p\u00fablica que defendi\u00f3 hasta su \u00faltimo d\u00eda. En los mates, en los abrazos, en sus palabras y en su manera \u00fanica de estar siempre al lado de su gente&#8221;, acot\u00f3.<\/p>\n\n\n\n<p>Y finaliz\u00f3: &#8220;Su partida nos deja un dolor inmenso, pero tambi\u00e9n nos marca un camino: el de la lealtad, el de la justicia social y el de la vocaci\u00f3n inquebrantable de trabajar por su pueblo de Berazategui y sus vecinos y vecinas. Los mantendremos informados a trav\u00e9s de esta v\u00eda y de nuestros canales oficiales a medida que haya datos certeros sobre su despedida&#8221;.<\/p>\n","protected":false},"excerpt":{"rendered":"<p>En horas del mediod\u00eda de hoy se conoci\u00f3 el fallecimiento del intendente de Berazategui, doctor&#8230;<\/p>\n","protected":false},"author":2,"featured_media":14226,"comment_status":"open","ping_status":"open","sticky":false,"template":"","format":"standard","meta":{"_jetpack_memberships_contains_paid_content":false,"footnotes":""},"categories":[6,3,4],"tags":[24,11,151,9,2720],"class_list":["post-14225","post","type-post","status-publish","format-standard","has-post-thumbnail","hentry","category-berazategui","category-nacion","category-provincia","tag-axel-kicillof","tag-berazategui","tag-cristina-kirchner","tag-juan-jose-mussi","tag-patricio-mussi"],"jetpack_featured_media_url":"https:\/\/i0.wp.com\/realidadsur.com.ar\/wp-content\/uploads\/2025\/11\/Juan-Jose-Mussi.jpg?fit=1600%2C1449&ssl=1","jetpack_sharing_enabled":true,"_links":{"self":[{"href":"https:\/\/realidadsur.com.ar\/index.php?rest_route=\/wp\/v2\/posts\/14225","targetHints":{"allow":["GET"]}}],"collection":[{"href":"https:\/\/realidadsur.com.ar\/index.php?rest_route=\/wp\/v2\/posts"}],"about":[{"href":"https:\/\/realidadsur.com.ar\/index.php?rest_route=\/wp\/v2\/types\/post"}],"author":[{"embeddable":true,"href":"https:\/\/realidadsur.com.ar\/index.php?rest_route=\/wp\/v2\/users\/2"}],"replies":[{"embeddable":true,"href":"https:\/\/realidadsur.com.ar\/index.php?rest_route=%2Fwp%2Fv2%2Fcomments&post=14225"}],"version-history":[{"count":1,"href":"https:\/\/realidadsur.com.ar\/index.php?rest_route=\/wp\/v2\/posts\/14225\/revisions"}],"predecessor-version":[{"id":14230,"href":"https:\/\/realidadsur.com.ar\/index.php?rest_route=\/wp\/v2\/posts\/14225\/revisions\/14230"}],"wp:featuredmedia":[{"embeddable":true,"href":"https:\/\/realidadsur.com.ar\/index.php?rest_route=\/wp\/v2\/media\/14226"}],"wp:attachment":[{"href":"https:\/\/realidadsur.com.ar\/index.php?rest_route=%2Fwp%2Fv2%2Fmedia&parent=14225"}],"wp:term":[{"taxonomy":"category","embeddable":true,"href":"https:\/\/realidadsur.com.ar\/index.php?rest_route=%2Fwp%2Fv2%2Fcategories&post=14225"},{"taxonomy":"post_tag","embeddable":true,"href":"https:\/\/realidadsur.com.ar\/index.php?rest_route=%2Fwp%2Fv2%2Ftags&post=14225"}],"curies":[{"name":"wp","href":"https:\/\/api.w.org\/{rel}","templated":true}]}}