{"id":14840,"date":"2026-01-06T17:54:48","date_gmt":"2026-01-06T20:54:48","guid":{"rendered":"https:\/\/realidadsur.com.ar\/?p=14840"},"modified":"2026-01-06T17:54:50","modified_gmt":"2026-01-06T20:54:50","slug":"quilmes-multinacional-anticipa-la-reforma-laboral-y-despide-a-65-trabajadores","status":"publish","type":"post","link":"https:\/\/realidadsur.com.ar\/?p=14840","title":{"rendered":"QUILMES: MULTINACIONAL ANTICIPA LA REFORMA LABORAL Y DESPIDE A 65 TRABAJADORES"},"content":{"rendered":"\n<p>Un duro y extenso conflicto laboral est\u00e1n transitando los obreros y empleados de la empresa petroqu\u00edmica Sealed Air en Quilmes, luego de que se ratificara el despedido de 65 trabajadores, pese a que est\u00e1 en el marco de una conciliaci\u00f3n obligatoria dictada por la Provincia de Buenos Aires que le impide ejecutar desvinculaciones. Ante la actitud de la patronal, los trabajadores iniciaron un paro por tiempo indeterminado y la f\u00e1brica se encuentra paralizada.<\/p>\n\n\n\n<p>Delegados gremiales denunciaron que la empresa no solo insiste con los despidos, sino que tambi\u00e9n impulsa un plan de reestructuraci\u00f3n que afecta condiciones laborales.<\/p>\n\n\n\n<p>Ese plan incluye la eliminaci\u00f3n de adicionales internos y mayores exigencias de producci\u00f3n con menos personal, condiciones que califican de \u201cimpracticables\u201d.<\/p>\n\n\n\n<p>Seg\u00fan detall\u00f3 Alfredo Piscopo, delegado general, la situaci\u00f3n comenz\u00f3 a agravarse a partir de 2021, con un progresivo deterioro de la planta y que estall\u00f3 a fines de 2025.<\/p>\n\n\n\n<p>\u201cEl 3 de noviembre Recursos Humanos nos comunic\u00f3 la decisi\u00f3n de despedir a 97 compa\u00f1eros, bajo el argumento de una reestructuraci\u00f3n definida por las casas matrices de Brasil, M\u00e9xico y Estados Unidos\u201d, se\u00f1al\u00f3.<\/p>\n\n\n\n<p>\u201cHasta hace cuatro o cinco meses las ventas eran buenas y en varios sectores se trabajaba con horas extras porque no se llegaba a cubrir la demanda. La \u00fanica excepci\u00f3n fue el sector de laminados, que termin\u00f3 cerrando\u201d, explic\u00f3.<\/p>\n","protected":false},"excerpt":{"rendered":"<p>Un duro y extenso conflicto laboral est\u00e1n transitando los obreros y empleados de la empresa&#8230;<\/p>\n","protected":false},"author":2,"featured_media":14841,"comment_status":"open","ping_status":"open","sticky":false,"template":"","format":"standard","meta":{"_jetpack_memberships_contains_paid_content":false,"footnotes":""},"categories":[5],"tags":[1812,14,4060],"class_list":["post-14840","post","type-post","status-publish","format-standard","has-post-thumbnail","hentry","category-quilmes","tag-despidos","tag-quilmes","tag-sealed-air"],"jetpack_featured_media_url":"https:\/\/i0.wp.com\/realidadsur.com.ar\/wp-content\/uploads\/2026\/01\/Despidos-en-Sealed-Air-e1767732842720.jpg?fit=382%2C266&ssl=1","jetpack_sharing_enabled":true,"_links":{"self":[{"href":"https:\/\/realidadsur.com.ar\/index.php?rest_route=\/wp\/v2\/posts\/14840","targetHints":{"allow":["GET"]}}],"collection":[{"href":"https:\/\/realidadsur.com.ar\/index.php?rest_route=\/wp\/v2\/posts"}],"about":[{"href":"https:\/\/realidadsur.com.ar\/index.php?rest_route=\/wp\/v2\/types\/post"}],"author":[{"embeddable":true,"href":"https:\/\/realidadsur.com.ar\/index.php?rest_route=\/wp\/v2\/users\/2"}],"replies":[{"embeddable":true,"href":"https:\/\/realidadsur.com.ar\/index.php?rest_route=%2Fwp%2Fv2%2Fcomments&post=14840"}],"version-history":[{"count":1,"href":"https:\/\/realidadsur.com.ar\/index.php?rest_route=\/wp\/v2\/posts\/14840\/revisions"}],"predecessor-version":[{"id":14842,"href":"https:\/\/realidadsur.com.ar\/index.php?rest_route=\/wp\/v2\/posts\/14840\/revisions\/14842"}],"wp:featuredmedia":[{"embeddable":true,"href":"https:\/\/realidadsur.com.ar\/index.php?rest_route=\/wp\/v2\/media\/14841"}],"wp:attachment":[{"href":"https:\/\/realidadsur.com.ar\/index.php?rest_route=%2Fwp%2Fv2%2Fmedia&parent=14840"}],"wp:term":[{"taxonomy":"category","embeddable":true,"href":"https:\/\/realidadsur.com.ar\/index.php?rest_route=%2Fwp%2Fv2%2Fcategories&post=14840"},{"taxonomy":"post_tag","embeddable":true,"href":"https:\/\/realidadsur.com.ar\/index.php?rest_route=%2Fwp%2Fv2%2Ftags&post=14840"}],"curies":[{"name":"wp","href":"https:\/\/api.w.org\/{rel}","templated":true}]}}