{"id":14847,"date":"2026-01-07T14:44:51","date_gmt":"2026-01-07T17:44:51","guid":{"rendered":"https:\/\/realidadsur.com.ar\/?p=14847"},"modified":"2026-01-07T14:45:20","modified_gmt":"2026-01-07T17:45:20","slug":"el-intendente-carlos-balor-se-reunion-con-julio-alak","status":"publish","type":"post","link":"https:\/\/realidadsur.com.ar\/?p=14847","title":{"rendered":"EL INTENDENTE CARLOS BALOR SE REUNI\u00d3 CON JULIO ALAK"},"content":{"rendered":"\n<p>El intendente de Berazategui, Carlos Balor, se reuni\u00f3 con su par de La Plata, Julio Alak, con quien dialog\u00f3 sobre distintas problem\u00e1ticas comunes y proyectos de trabajo articulado de cara al 2026.<\/p>\n\n\n\n<p>Durante el encuentro, Balor se\u00f1al\u00f3: \u201cDialogamos sobre problem\u00e1ticas comunes y distintos proyectos, con el objetivo de seguir fortaleciendo el trabajo conjunto y el desarrollo de nuestras ciudades\u201d.<\/p>\n\n\n\n<p>Asimismo, el Intendente destac\u00f3: \u201cSiguiendo el legado de Juan Jos\u00e9 Mussi, continuamos articulando acciones con otros municipios para brindar mejores respuestas a nuestros vecinos y vecinas, y acompa\u00f1ar el crecimiento de Berazategui\u201d.<\/p>\n\n\n\n<p>De esta manera, se ratific\u00f3 la voluntad de ambas gestiones de seguir fortaleciendo el trabajo articulado entre municipios, para el desarrollo regional y el bienestar de sus comunidades.<\/p>\n","protected":false},"excerpt":{"rendered":"<p>El intendente de Berazategui, Carlos Balor, se reuni\u00f3 con su par de La Plata, Julio&#8230;<\/p>\n","protected":false},"author":2,"featured_media":14848,"comment_status":"open","ping_status":"open","sticky":false,"template":"","format":"standard","meta":{"_jetpack_memberships_contains_paid_content":false,"footnotes":""},"categories":[6,570],"tags":[11,2476,571],"class_list":["post-14847","post","type-post","status-publish","format-standard","has-post-thumbnail","hentry","category-berazategui","category-la-plata","tag-berazategui","tag-carlos-balor","tag-julio-alak"],"jetpack_featured_media_url":"https:\/\/i0.wp.com\/realidadsur.com.ar\/wp-content\/uploads\/2026\/01\/El-intendente-Carlos-Balor-mantuvo-un-encuentro-con-Julio-Alak.jpg?fit=2048%2C1365&ssl=1","jetpack_sharing_enabled":true,"_links":{"self":[{"href":"https:\/\/realidadsur.com.ar\/index.php?rest_route=\/wp\/v2\/posts\/14847","targetHints":{"allow":["GET"]}}],"collection":[{"href":"https:\/\/realidadsur.com.ar\/index.php?rest_route=\/wp\/v2\/posts"}],"about":[{"href":"https:\/\/realidadsur.com.ar\/index.php?rest_route=\/wp\/v2\/types\/post"}],"author":[{"embeddable":true,"href":"https:\/\/realidadsur.com.ar\/index.php?rest_route=\/wp\/v2\/users\/2"}],"replies":[{"embeddable":true,"href":"https:\/\/realidadsur.com.ar\/index.php?rest_route=%2Fwp%2Fv2%2Fcomments&post=14847"}],"version-history":[{"count":2,"href":"https:\/\/realidadsur.com.ar\/index.php?rest_route=\/wp\/v2\/posts\/14847\/revisions"}],"predecessor-version":[{"id":14850,"href":"https:\/\/realidadsur.com.ar\/index.php?rest_route=\/wp\/v2\/posts\/14847\/revisions\/14850"}],"wp:featuredmedia":[{"embeddable":true,"href":"https:\/\/realidadsur.com.ar\/index.php?rest_route=\/wp\/v2\/media\/14848"}],"wp:attachment":[{"href":"https:\/\/realidadsur.com.ar\/index.php?rest_route=%2Fwp%2Fv2%2Fmedia&parent=14847"}],"wp:term":[{"taxonomy":"category","embeddable":true,"href":"https:\/\/realidadsur.com.ar\/index.php?rest_route=%2Fwp%2Fv2%2Fcategories&post=14847"},{"taxonomy":"post_tag","embeddable":true,"href":"https:\/\/realidadsur.com.ar\/index.php?rest_route=%2Fwp%2Fv2%2Ftags&post=14847"}],"curies":[{"name":"wp","href":"https:\/\/api.w.org\/{rel}","templated":true}]}}