{"id":1531,"date":"2023-10-22T10:12:01","date_gmt":"2023-10-22T13:12:01","guid":{"rendered":"https:\/\/realidadsur.com.ar\/?p=1531"},"modified":"2023-10-22T10:12:03","modified_gmt":"2023-10-22T13:12:03","slug":"maximo-kirchner-la-jornada-me-hace-acordar-mucho-al-2003","status":"publish","type":"post","link":"https:\/\/realidadsur.com.ar\/?p=1531","title":{"rendered":"MAXIMO KIRCHNER: &#8220;LA JORNADA ME HACE ACORDAR MUCHO AL 2003&#8221;"},"content":{"rendered":"\n<p>El candidato a diputado nacional por la PBA de Uni\u00f3n por la Patria hizo declaraciones tras emitir su voto. \u201cHay que tener fe y esperanza y esta muy claro qui\u00e9n puede llevarlo adelante y quien puede hacerlo\u201d, expres\u00f3 a la salida de la escuela.<\/p>\n\n\n\n<p>\u201cLa jornada me hace acordar mucho al 2003. Con eso de que parec\u00eda que no hab\u00eda esperanza y pudimos construir un pa\u00eds durante mucho tiempo. Hay que tener fe y esperanza y esta muy claro qui\u00e9n puede llevarlo adelante y quien puede hacerlo. A votar en paz, con ganas, cada uno en lo que cree y los resultados los define la gente\u201d.<\/p>\n\n\n\n<p>\u201cSiempre hay que elegir, aun a riesgo de equivocarse es mejor elegir que ausentarse. Hoy hay que elegir presidente, ver c\u00f3mo se expresa la gente, si se define este domingo o habr\u00e1 segunda vuelta y hacerlo con la mayor tranquilidad y con las convicciones\u201d.<\/p>\n","protected":false},"excerpt":{"rendered":"<p>El candidato a diputado nacional por la PBA de Uni\u00f3n por la Patria hizo declaraciones&#8230;<\/p>\n","protected":false},"author":2,"featured_media":1532,"comment_status":"open","ping_status":"open","sticky":false,"template":"","format":"standard","meta":{"_jetpack_memberships_contains_paid_content":false,"footnotes":""},"categories":[3,4],"tags":[564,565],"class_list":["post-1531","post","type-post","status-publish","format-standard","has-post-thumbnail","hentry","category-nacion","category-provincia","tag-elecciones2023","tag-maximo-kirchner-2"],"jetpack_featured_media_url":"https:\/\/i0.wp.com\/realidadsur.com.ar\/wp-content\/uploads\/2023\/10\/maximo-kirchner-elecciones-2023-captura-c5njpg.jpg?fit=1200%2C675&ssl=1","jetpack_sharing_enabled":true,"_links":{"self":[{"href":"https:\/\/realidadsur.com.ar\/index.php?rest_route=\/wp\/v2\/posts\/1531","targetHints":{"allow":["GET"]}}],"collection":[{"href":"https:\/\/realidadsur.com.ar\/index.php?rest_route=\/wp\/v2\/posts"}],"about":[{"href":"https:\/\/realidadsur.com.ar\/index.php?rest_route=\/wp\/v2\/types\/post"}],"author":[{"embeddable":true,"href":"https:\/\/realidadsur.com.ar\/index.php?rest_route=\/wp\/v2\/users\/2"}],"replies":[{"embeddable":true,"href":"https:\/\/realidadsur.com.ar\/index.php?rest_route=%2Fwp%2Fv2%2Fcomments&post=1531"}],"version-history":[{"count":1,"href":"https:\/\/realidadsur.com.ar\/index.php?rest_route=\/wp\/v2\/posts\/1531\/revisions"}],"predecessor-version":[{"id":1533,"href":"https:\/\/realidadsur.com.ar\/index.php?rest_route=\/wp\/v2\/posts\/1531\/revisions\/1533"}],"wp:featuredmedia":[{"embeddable":true,"href":"https:\/\/realidadsur.com.ar\/index.php?rest_route=\/wp\/v2\/media\/1532"}],"wp:attachment":[{"href":"https:\/\/realidadsur.com.ar\/index.php?rest_route=%2Fwp%2Fv2%2Fmedia&parent=1531"}],"wp:term":[{"taxonomy":"category","embeddable":true,"href":"https:\/\/realidadsur.com.ar\/index.php?rest_route=%2Fwp%2Fv2%2Fcategories&post=1531"},{"taxonomy":"post_tag","embeddable":true,"href":"https:\/\/realidadsur.com.ar\/index.php?rest_route=%2Fwp%2Fv2%2Ftags&post=1531"}],"curies":[{"name":"wp","href":"https:\/\/api.w.org\/{rel}","templated":true}]}}