{"id":15784,"date":"2026-03-02T15:26:23","date_gmt":"2026-03-02T18:26:23","guid":{"rendered":"https:\/\/realidadsur.com.ar\/?p=15784"},"modified":"2026-03-02T15:26:25","modified_gmt":"2026-03-02T18:26:25","slug":"la-esposa-de-nahuel-gallo-publico-un-emotivo-texto-en-redes-sociales","status":"publish","type":"post","link":"https:\/\/realidadsur.com.ar\/?p=15784","title":{"rendered":"LA ESPOSA DE NAHUEL GALLO PUBLIC\u00d3 UN EMOTIVO TEXTO EN REDES SOCIALES"},"content":{"rendered":"\n<p>Mar\u00eda Alexandra G\u00f3mez, la esposa de Nahuel Gallo, agradeci\u00f3 a Dios por el \u201cmilagro\u201d de tener de vuelta en casa al gendarme, a la vez que dijo que tiene muchas \u201cpreguntas guardadas\u201d y otras \u201ctantas por decir\u201d.<\/p>\n\n\n\n<p>\u201cGracias, Dios m\u00edo\u2026 gracias por este milagro, por este regalo que vuelve a darnos vida. Gracias por mi familia, por sostenernos cuando ya no ten\u00edamos fuerzas, por no soltarnos nunca\u201d, indic\u00f3 G\u00f3mez en un posteo en la red social X.<\/p>\n\n\n\n<p>Asimismo, a\u00f1adi\u00f3: \u201cTengo tantas preguntas guardadas, tantas cosas por decir\u2026 pero hoy las palabras se me mezclan con las l\u00e1grimas. Despu\u00e9s de tanto tiempo, despu\u00e9s de tanto dolor, de tanta incertidumbre, por fin pudimos volver a respirar. La felicidad no me entra en el pecho\u201d.<\/p>\n","protected":false},"excerpt":{"rendered":"<p>Mar\u00eda Alexandra G\u00f3mez, la esposa de Nahuel Gallo, agradeci\u00f3 a Dios por el \u201cmilagro\u201d de&#8230;<\/p>\n","protected":false},"author":2,"featured_media":15786,"comment_status":"open","ping_status":"open","sticky":false,"template":"","format":"standard","meta":{"_jetpack_memberships_contains_paid_content":false,"footnotes":""},"categories":[3,3978],"tags":[3154],"class_list":["post-15784","post","type-post","status-publish","format-standard","has-post-thumbnail","hentry","category-nacion","category-politica","tag-nahuel-gallo"],"jetpack_featured_media_url":"https:\/\/i0.wp.com\/realidadsur.com.ar\/wp-content\/uploads\/2026\/03\/El-abrazo-entre-el-gendarme-y-su-familia.webp?fit=592%2C720&ssl=1","jetpack_sharing_enabled":true,"_links":{"self":[{"href":"https:\/\/realidadsur.com.ar\/index.php?rest_route=\/wp\/v2\/posts\/15784","targetHints":{"allow":["GET"]}}],"collection":[{"href":"https:\/\/realidadsur.com.ar\/index.php?rest_route=\/wp\/v2\/posts"}],"about":[{"href":"https:\/\/realidadsur.com.ar\/index.php?rest_route=\/wp\/v2\/types\/post"}],"author":[{"embeddable":true,"href":"https:\/\/realidadsur.com.ar\/index.php?rest_route=\/wp\/v2\/users\/2"}],"replies":[{"embeddable":true,"href":"https:\/\/realidadsur.com.ar\/index.php?rest_route=%2Fwp%2Fv2%2Fcomments&post=15784"}],"version-history":[{"count":1,"href":"https:\/\/realidadsur.com.ar\/index.php?rest_route=\/wp\/v2\/posts\/15784\/revisions"}],"predecessor-version":[{"id":15787,"href":"https:\/\/realidadsur.com.ar\/index.php?rest_route=\/wp\/v2\/posts\/15784\/revisions\/15787"}],"wp:featuredmedia":[{"embeddable":true,"href":"https:\/\/realidadsur.com.ar\/index.php?rest_route=\/wp\/v2\/media\/15786"}],"wp:attachment":[{"href":"https:\/\/realidadsur.com.ar\/index.php?rest_route=%2Fwp%2Fv2%2Fmedia&parent=15784"}],"wp:term":[{"taxonomy":"category","embeddable":true,"href":"https:\/\/realidadsur.com.ar\/index.php?rest_route=%2Fwp%2Fv2%2Fcategories&post=15784"},{"taxonomy":"post_tag","embeddable":true,"href":"https:\/\/realidadsur.com.ar\/index.php?rest_route=%2Fwp%2Fv2%2Ftags&post=15784"}],"curies":[{"name":"wp","href":"https:\/\/api.w.org\/{rel}","templated":true}]}}