{"id":15788,"date":"2026-03-02T15:36:53","date_gmt":"2026-03-02T18:36:53","guid":{"rendered":"https:\/\/realidadsur.com.ar\/?p=15788"},"modified":"2026-03-02T15:36:55","modified_gmt":"2026-03-02T18:36:55","slug":"la-cgt-pidio-la-inconstitucionalidad-de-la-reforma-laboral","status":"publish","type":"post","link":"https:\/\/realidadsur.com.ar\/?p=15788","title":{"rendered":"LA CGT PIDI\u00d3 LA INCONSTITUCIONALIDAD DE LA REFORMA LABORAL"},"content":{"rendered":"\n<p>La CGT present\u00f3 este lunes en Tribunales un recurso pidiendo que se declare \u201cinconstitucional\u201d la ley de reforma laboral, que recibi\u00f3 sanci\u00f3n definitiva el viernes \u00faltimo en el Senado, mediante escritos que present\u00f3 ante el fuero Laboral y ante el Contencioso Administrativo.<\/p>\n\n\n\n<p>\u201cVenimos a ejercer nuestro derecho a peticionar. Confiamos en un poder republicano como la Justicia, en su objetividad y en que va a cuidar el cumplimiento de la Constituci\u00f3n Nacional\u201d, afirm\u00f3 Jorge Sola, uno de los tres cosecretarios generales de la CGT.<\/p>\n\n\n\n<p>Sola (Seguros), junto a los otros dos cosecretarios generales, Cristian Jer\u00f3nimo (Vidrio) y Octavio Arguello (Camioneros), present\u00f3 su reclamo pese a que la norma a\u00fan no fue promulgada por el Poder Ejecutivo.<\/p>\n\n\n\n<p>En di\u00e1logo con el periodismo en la puerta de Tribunales sobre la calle Talcahuano, Sola explic\u00f3 que con esta presentaci\u00f3n la CGT \u201ccumple con lo que venimos diciendo desde que iniciamos este proceso de rechazo a la ley\u201d.<\/p>\n\n\n\n<p>La presentaci\u00f3n apunta contra la reforma laboral por avanzar sobre caracter\u00edsticas \u201cprotectorias\u201d de la legislaci\u00f3n anterior, y por vulnerar tambi\u00e9n su \u201cprogresividad\u201d.<\/p>\n","protected":false},"excerpt":{"rendered":"<p>La CGT present\u00f3 este lunes en Tribunales un recurso pidiendo que se declare \u201cinconstitucional\u201d la&#8230;<\/p>\n","protected":false},"author":2,"featured_media":15789,"comment_status":"open","ping_status":"open","sticky":false,"template":"","format":"standard","meta":{"_jetpack_memberships_contains_paid_content":false,"footnotes":""},"categories":[3,3978],"tags":[1129,1825],"class_list":["post-15788","post","type-post","status-publish","format-standard","has-post-thumbnail","hentry","category-nacion","category-politica","tag-cgt","tag-reforma-laboral"],"jetpack_featured_media_url":"https:\/\/i0.wp.com\/realidadsur.com.ar\/wp-content\/uploads\/2026\/03\/La-central-obrera-se-concentro-en-Tribunales.jpg?fit=1600%2C900&ssl=1","jetpack_sharing_enabled":true,"_links":{"self":[{"href":"https:\/\/realidadsur.com.ar\/index.php?rest_route=\/wp\/v2\/posts\/15788","targetHints":{"allow":["GET"]}}],"collection":[{"href":"https:\/\/realidadsur.com.ar\/index.php?rest_route=\/wp\/v2\/posts"}],"about":[{"href":"https:\/\/realidadsur.com.ar\/index.php?rest_route=\/wp\/v2\/types\/post"}],"author":[{"embeddable":true,"href":"https:\/\/realidadsur.com.ar\/index.php?rest_route=\/wp\/v2\/users\/2"}],"replies":[{"embeddable":true,"href":"https:\/\/realidadsur.com.ar\/index.php?rest_route=%2Fwp%2Fv2%2Fcomments&post=15788"}],"version-history":[{"count":1,"href":"https:\/\/realidadsur.com.ar\/index.php?rest_route=\/wp\/v2\/posts\/15788\/revisions"}],"predecessor-version":[{"id":15790,"href":"https:\/\/realidadsur.com.ar\/index.php?rest_route=\/wp\/v2\/posts\/15788\/revisions\/15790"}],"wp:featuredmedia":[{"embeddable":true,"href":"https:\/\/realidadsur.com.ar\/index.php?rest_route=\/wp\/v2\/media\/15789"}],"wp:attachment":[{"href":"https:\/\/realidadsur.com.ar\/index.php?rest_route=%2Fwp%2Fv2%2Fmedia&parent=15788"}],"wp:term":[{"taxonomy":"category","embeddable":true,"href":"https:\/\/realidadsur.com.ar\/index.php?rest_route=%2Fwp%2Fv2%2Fcategories&post=15788"},{"taxonomy":"post_tag","embeddable":true,"href":"https:\/\/realidadsur.com.ar\/index.php?rest_route=%2Fwp%2Fv2%2Ftags&post=15788"}],"curies":[{"name":"wp","href":"https:\/\/api.w.org\/{rel}","templated":true}]}}