{"id":15792,"date":"2026-03-02T16:21:36","date_gmt":"2026-03-02T19:21:36","guid":{"rendered":"https:\/\/realidadsur.com.ar\/?p=15792"},"modified":"2026-03-02T16:21:38","modified_gmt":"2026-03-02T19:21:38","slug":"hoy-fernando-baez-sosa-cumpliria-25-anos","status":"publish","type":"post","link":"https:\/\/realidadsur.com.ar\/?p=15792","title":{"rendered":"HOY FERNANDO B\u00c1EZ SOSA CUMPLIR\u00cdA 25 A\u00d1OS"},"content":{"rendered":"\n<p>Fernando B\u00e1ez Sosa, el joven asesinado a golpes por un grupo de rugbiers en Villa Gesell, cumplir\u00eda 25 a\u00f1os este lunes y su mam\u00e1 lo record\u00f3 en las redes sociales.<\/p>\n\n\n\n<p>Graciela Sosa public\u00f3 una foto de su hijo antes del viaje de vacaciones junto a su grupo de amigos, que finaliz\u00f3 con el crimen de Fernando.<\/p>\n\n\n\n<p>\u201cUn beso hasta el cielo. Feliz cumple amor m\u00edo. Hoy cumplir\u00eda 25 a\u00f1os\u201d, expres\u00f3 Sosa, quien lament\u00f3: \u201cQuisiera decirte tantas cosas; Fernando, mi vida, te extra\u00f1o\u201d.<\/p>\n\n\n\n<p>En este sentido, Graciela volvi\u00f3 a reclamar justicia y se\u00f1al\u00f3 que \u201ces muy triste lo que te hicieron, nos quitaron lo mejor de nuestra vida\u201d.<\/p>\n","protected":false},"excerpt":{"rendered":"<p>Fernando B\u00e1ez Sosa, el joven asesinado a golpes por un grupo de rugbiers en Villa&#8230;<\/p>\n","protected":false},"author":2,"featured_media":15793,"comment_status":"open","ping_status":"open","sticky":false,"template":"","format":"standard","meta":{"_jetpack_memberships_contains_paid_content":false,"footnotes":""},"categories":[3976],"tags":[1893],"class_list":["post-15792","post","type-post","status-publish","format-standard","has-post-thumbnail","hentry","category-policiales","tag-fernando-baez-sosa"],"jetpack_featured_media_url":"https:\/\/realidadsur.com.ar\/wp-content\/uploads\/2026\/03\/Fernando-y-Graciela.avif","jetpack_sharing_enabled":true,"_links":{"self":[{"href":"https:\/\/realidadsur.com.ar\/index.php?rest_route=\/wp\/v2\/posts\/15792","targetHints":{"allow":["GET"]}}],"collection":[{"href":"https:\/\/realidadsur.com.ar\/index.php?rest_route=\/wp\/v2\/posts"}],"about":[{"href":"https:\/\/realidadsur.com.ar\/index.php?rest_route=\/wp\/v2\/types\/post"}],"author":[{"embeddable":true,"href":"https:\/\/realidadsur.com.ar\/index.php?rest_route=\/wp\/v2\/users\/2"}],"replies":[{"embeddable":true,"href":"https:\/\/realidadsur.com.ar\/index.php?rest_route=%2Fwp%2Fv2%2Fcomments&post=15792"}],"version-history":[{"count":1,"href":"https:\/\/realidadsur.com.ar\/index.php?rest_route=\/wp\/v2\/posts\/15792\/revisions"}],"predecessor-version":[{"id":15794,"href":"https:\/\/realidadsur.com.ar\/index.php?rest_route=\/wp\/v2\/posts\/15792\/revisions\/15794"}],"wp:featuredmedia":[{"embeddable":true,"href":"https:\/\/realidadsur.com.ar\/index.php?rest_route=\/wp\/v2\/media\/15793"}],"wp:attachment":[{"href":"https:\/\/realidadsur.com.ar\/index.php?rest_route=%2Fwp%2Fv2%2Fmedia&parent=15792"}],"wp:term":[{"taxonomy":"category","embeddable":true,"href":"https:\/\/realidadsur.com.ar\/index.php?rest_route=%2Fwp%2Fv2%2Fcategories&post=15792"},{"taxonomy":"post_tag","embeddable":true,"href":"https:\/\/realidadsur.com.ar\/index.php?rest_route=%2Fwp%2Fv2%2Ftags&post=15792"}],"curies":[{"name":"wp","href":"https:\/\/api.w.org\/{rel}","templated":true}]}}