{"id":15798,"date":"2026-03-02T17:25:28","date_gmt":"2026-03-02T20:25:28","guid":{"rendered":"https:\/\/realidadsur.com.ar\/?p=15798"},"modified":"2026-03-02T17:25:30","modified_gmt":"2026-03-02T20:25:30","slug":"quilmes-compactaron-cientos-de-autos-y-motos-secuestrados","status":"publish","type":"post","link":"https:\/\/realidadsur.com.ar\/?p=15798","title":{"rendered":"QUILMES: COMPACTARON CIENTOS DE AUTOS Y MOTOS SECUESTRADOS"},"content":{"rendered":"\n<p>El Municipio de Quilmes desarroll\u00f3 una jornada de compactaci\u00f3n de m\u00e1s de 600 veh\u00edculos secuestrados con el objetivo de reducir pasivos ambientales en el distrito, transformando residuos peligrosos en recursos y destinarlos entidades de bien p\u00fablico, en este caso a la Organizaci\u00f3n de Padres TEA, bajo la supervisi\u00f3n de la intendenta interina local, Eva Mieri.<\/p>\n\n\n\n<p>El procedimiento se inicia con la demora del veh\u00edculo ante la constataci\u00f3n de una infracci\u00f3n o impedimento legal. Una vez trasladado a dep\u00f3sito municipal, el titular cuenta con un plazo para regularizar su situaci\u00f3n.<\/p>\n\n\n\n<p>Transcurridos seis meses, y cumplidas las instancias administrativas correspondientes, el veh\u00edculo es declarado en condici\u00f3n de rezago y se procede a su compactaci\u00f3n conforme a la normativa vigente.<\/p>\n\n\n\n<p><\/p>\n","protected":false},"excerpt":{"rendered":"<p>El Municipio de Quilmes desarroll\u00f3 una jornada de compactaci\u00f3n de m\u00e1s de 600 veh\u00edculos secuestrados&#8230;<\/p>\n","protected":false},"author":2,"featured_media":15799,"comment_status":"open","ping_status":"open","sticky":false,"template":"","format":"standard","meta":{"_jetpack_memberships_contains_paid_content":false,"footnotes":""},"categories":[5],"tags":[1770,14],"class_list":["post-15798","post","type-post","status-publish","format-standard","has-post-thumbnail","hentry","category-quilmes","tag-eva-mieri","tag-quilmes"],"jetpack_featured_media_url":"https:\/\/i0.wp.com\/realidadsur.com.ar\/wp-content\/uploads\/2026\/03\/COMPACTACION-3.jpg?fit=1079%2C719&ssl=1","jetpack_sharing_enabled":true,"_links":{"self":[{"href":"https:\/\/realidadsur.com.ar\/index.php?rest_route=\/wp\/v2\/posts\/15798","targetHints":{"allow":["GET"]}}],"collection":[{"href":"https:\/\/realidadsur.com.ar\/index.php?rest_route=\/wp\/v2\/posts"}],"about":[{"href":"https:\/\/realidadsur.com.ar\/index.php?rest_route=\/wp\/v2\/types\/post"}],"author":[{"embeddable":true,"href":"https:\/\/realidadsur.com.ar\/index.php?rest_route=\/wp\/v2\/users\/2"}],"replies":[{"embeddable":true,"href":"https:\/\/realidadsur.com.ar\/index.php?rest_route=%2Fwp%2Fv2%2Fcomments&post=15798"}],"version-history":[{"count":1,"href":"https:\/\/realidadsur.com.ar\/index.php?rest_route=\/wp\/v2\/posts\/15798\/revisions"}],"predecessor-version":[{"id":15800,"href":"https:\/\/realidadsur.com.ar\/index.php?rest_route=\/wp\/v2\/posts\/15798\/revisions\/15800"}],"wp:featuredmedia":[{"embeddable":true,"href":"https:\/\/realidadsur.com.ar\/index.php?rest_route=\/wp\/v2\/media\/15799"}],"wp:attachment":[{"href":"https:\/\/realidadsur.com.ar\/index.php?rest_route=%2Fwp%2Fv2%2Fmedia&parent=15798"}],"wp:term":[{"taxonomy":"category","embeddable":true,"href":"https:\/\/realidadsur.com.ar\/index.php?rest_route=%2Fwp%2Fv2%2Fcategories&post=15798"},{"taxonomy":"post_tag","embeddable":true,"href":"https:\/\/realidadsur.com.ar\/index.php?rest_route=%2Fwp%2Fv2%2Ftags&post=15798"}],"curies":[{"name":"wp","href":"https:\/\/api.w.org\/{rel}","templated":true}]}}