{"id":15801,"date":"2026-03-02T20:43:11","date_gmt":"2026-03-02T23:43:11","guid":{"rendered":"https:\/\/realidadsur.com.ar\/?p=15801"},"modified":"2026-03-02T20:43:13","modified_gmt":"2026-03-02T23:43:13","slug":"desesperanza-robo-y-vandalismo-en-otra-escuela-de-florencio-varela","status":"publish","type":"post","link":"https:\/\/realidadsur.com.ar\/?p=15801","title":{"rendered":"DESESPERANZA: ROBO Y VANDALISMO EN OTRA ESCUELA DE FLORENCIO VARELA"},"content":{"rendered":"\n<p>La comunidad educativa de la Escuela N\u00b052 de Florencio Varela se encuentra devastada luego de ser v\u00edctima de un robo en la instituci\u00f3n.<\/p>\n\n\n\n<p>A pocas horas de comenzar las clases, los docentes se encontraron con una imagen terrible cuando acudieron a su lugar de trabajo y comprobaron que hab\u00edan sido v\u00edctimas no s\u00f3lo de robo, sino tambi\u00e9n de vandalismo.<\/p>\n\n\n\n<p>&#8220;Nuestra escuela fue v\u00edctima de este delito. Nos han robado lo poco que ten\u00edamos: televisor, dispenser de agua, microondas, ollas, utensillos de cocina&#8221;, indic\u00f3 una docente de la Instituci\u00f3n, y agreg\u00f3: &#8220;han roto los armarios de las maestras. Se han llevado \u00fatiles que eran para los alumnos. Rompieron todo lo que pudieron a su paso&#8221; .<\/p>\n\n\n\n<p>La escuela est\u00e1 ubicada en la calle 441, entre Monteverde y calle 400, en el Barrio Don Jos\u00e9 de Florencio Varela, y por supuesto que est\u00e1n abiertos a recibir todo tipo de ayuda.<\/p>\n","protected":false},"excerpt":{"rendered":"<p>La comunidad educativa de la Escuela N\u00b052 de Florencio Varela se encuentra devastada luego de&#8230;<\/p>\n","protected":false},"author":2,"featured_media":15802,"comment_status":"open","ping_status":"open","sticky":false,"template":"","format":"standard","meta":{"_jetpack_memberships_contains_paid_content":false,"footnotes":""},"categories":[3871],"tags":[3430,508,1187],"class_list":["post-15801","post","type-post","status-publish","format-standard","has-post-thumbnail","hentry","category-florencio-varela-2","tag-escuela","tag-robo","tag-vandalismo"],"jetpack_featured_media_url":"https:\/\/i0.wp.com\/realidadsur.com.ar\/wp-content\/uploads\/2026\/03\/WhatsApp-Image-2026-03-02-at-20.29.18.png?fit=720%2C1186&ssl=1","jetpack_sharing_enabled":true,"_links":{"self":[{"href":"https:\/\/realidadsur.com.ar\/index.php?rest_route=\/wp\/v2\/posts\/15801","targetHints":{"allow":["GET"]}}],"collection":[{"href":"https:\/\/realidadsur.com.ar\/index.php?rest_route=\/wp\/v2\/posts"}],"about":[{"href":"https:\/\/realidadsur.com.ar\/index.php?rest_route=\/wp\/v2\/types\/post"}],"author":[{"embeddable":true,"href":"https:\/\/realidadsur.com.ar\/index.php?rest_route=\/wp\/v2\/users\/2"}],"replies":[{"embeddable":true,"href":"https:\/\/realidadsur.com.ar\/index.php?rest_route=%2Fwp%2Fv2%2Fcomments&post=15801"}],"version-history":[{"count":1,"href":"https:\/\/realidadsur.com.ar\/index.php?rest_route=\/wp\/v2\/posts\/15801\/revisions"}],"predecessor-version":[{"id":15803,"href":"https:\/\/realidadsur.com.ar\/index.php?rest_route=\/wp\/v2\/posts\/15801\/revisions\/15803"}],"wp:featuredmedia":[{"embeddable":true,"href":"https:\/\/realidadsur.com.ar\/index.php?rest_route=\/wp\/v2\/media\/15802"}],"wp:attachment":[{"href":"https:\/\/realidadsur.com.ar\/index.php?rest_route=%2Fwp%2Fv2%2Fmedia&parent=15801"}],"wp:term":[{"taxonomy":"category","embeddable":true,"href":"https:\/\/realidadsur.com.ar\/index.php?rest_route=%2Fwp%2Fv2%2Fcategories&post=15801"},{"taxonomy":"post_tag","embeddable":true,"href":"https:\/\/realidadsur.com.ar\/index.php?rest_route=%2Fwp%2Fv2%2Ftags&post=15801"}],"curies":[{"name":"wp","href":"https:\/\/api.w.org\/{rel}","templated":true}]}}