{"id":15812,"date":"2026-03-03T15:55:37","date_gmt":"2026-03-03T18:55:37","guid":{"rendered":"https:\/\/realidadsur.com.ar\/?p=15812"},"modified":"2026-03-03T15:55:40","modified_gmt":"2026-03-03T18:55:40","slug":"comienza-el-juicio-para-determinar-responsabilidades-penales-por-el-hundimiento-del-ara-san-juan","status":"publish","type":"post","link":"https:\/\/realidadsur.com.ar\/?p=15812","title":{"rendered":"COMIENZA EL JUICIO PARA DETERMINAR RESPONSABILIDADES PENALES POR EL HUNDIMIENTO DEL ARA SAN JUAN"},"content":{"rendered":"\n<p>El juicio por el hundimiento del ARA San Juan empez\u00f3 este martes en la ciudad de R\u00edo Gallegos, Santa Cruz, donde se sit\u00faa la sede del Tribunal Oral en lo Criminal Federal, y buscar\u00e1 determinar cu\u00e1les fueron las responsabilidades penales sobre la tragedia ocurrida en noviembre de 2017.<\/p>\n\n\n\n<p>El abogado Luis Tagliapietra, quien representa a los 32 familiares agrupados en la querella, sostuvo que \u201cse est\u00e1 llevando a cabo la lectura de la creaci\u00f3n y se le dar\u00e1 la palabra a las distintas partes, por si alguna tiene que formular cuestiones preliminares&#8221;.<\/p>\n\n\n\n<p>El juicio determinar\u00e1 a las autoridades responsables de la muerte de los 44 tripulantes del submarino: dentro de los imputados se encuentran cuatro exjefes de la Armada Argentina por \u201cpresunto incumplimiento de los deberes de funcionario p\u00fablico\u201d, \u201comisi\u00f3n de deberes del oficio\u201d y \u201cestrago culposo agravado por el resultado de muerte\u201d.<\/p>\n","protected":false},"excerpt":{"rendered":"<p>El juicio por el hundimiento del ARA San Juan empez\u00f3 este martes en la ciudad&#8230;<\/p>\n","protected":false},"author":2,"featured_media":15813,"comment_status":"open","ping_status":"open","sticky":false,"template":"","format":"standard","meta":{"_jetpack_memberships_contains_paid_content":false,"footnotes":""},"categories":[8,3,3978],"tags":[4196],"class_list":["post-15812","post","type-post","status-publish","format-standard","has-post-thumbnail","hentry","category-interes-general","category-nacion","category-politica","tag-ara-san-juan"],"jetpack_featured_media_url":"https:\/\/i0.wp.com\/realidadsur.com.ar\/wp-content\/uploads\/2026\/03\/El-veredicto-se-conocera-en-julio.jpg?fit=1200%2C675&ssl=1","jetpack_sharing_enabled":true,"_links":{"self":[{"href":"https:\/\/realidadsur.com.ar\/index.php?rest_route=\/wp\/v2\/posts\/15812","targetHints":{"allow":["GET"]}}],"collection":[{"href":"https:\/\/realidadsur.com.ar\/index.php?rest_route=\/wp\/v2\/posts"}],"about":[{"href":"https:\/\/realidadsur.com.ar\/index.php?rest_route=\/wp\/v2\/types\/post"}],"author":[{"embeddable":true,"href":"https:\/\/realidadsur.com.ar\/index.php?rest_route=\/wp\/v2\/users\/2"}],"replies":[{"embeddable":true,"href":"https:\/\/realidadsur.com.ar\/index.php?rest_route=%2Fwp%2Fv2%2Fcomments&post=15812"}],"version-history":[{"count":1,"href":"https:\/\/realidadsur.com.ar\/index.php?rest_route=\/wp\/v2\/posts\/15812\/revisions"}],"predecessor-version":[{"id":15814,"href":"https:\/\/realidadsur.com.ar\/index.php?rest_route=\/wp\/v2\/posts\/15812\/revisions\/15814"}],"wp:featuredmedia":[{"embeddable":true,"href":"https:\/\/realidadsur.com.ar\/index.php?rest_route=\/wp\/v2\/media\/15813"}],"wp:attachment":[{"href":"https:\/\/realidadsur.com.ar\/index.php?rest_route=%2Fwp%2Fv2%2Fmedia&parent=15812"}],"wp:term":[{"taxonomy":"category","embeddable":true,"href":"https:\/\/realidadsur.com.ar\/index.php?rest_route=%2Fwp%2Fv2%2Fcategories&post=15812"},{"taxonomy":"post_tag","embeddable":true,"href":"https:\/\/realidadsur.com.ar\/index.php?rest_route=%2Fwp%2Fv2%2Ftags&post=15812"}],"curies":[{"name":"wp","href":"https:\/\/api.w.org\/{rel}","templated":true}]}}