{"id":15818,"date":"2026-03-03T16:09:21","date_gmt":"2026-03-03T19:09:21","guid":{"rendered":"https:\/\/realidadsur.com.ar\/?p=15818"},"modified":"2026-03-03T16:09:24","modified_gmt":"2026-03-03T19:09:24","slug":"carlos-balor-y-alvarez-rodriguez-inauguraron-una-sede-del-registro-provincial-de-las-personas","status":"publish","type":"post","link":"https:\/\/realidadsur.com.ar\/?p=15818","title":{"rendered":"CARLOS BALOR Y \u00c1LVAREZ RODR\u00cdGUEZ INAUGURARON UNA SEDE DEL REGISTRO PROVINCIAL DE LAS PERSONAS"},"content":{"rendered":"\n<p>El intendente de Berazategui, Carlos Balor, encabez\u00f3 el acto junto a la jefa de Asesores del Gobernador de la provincia de Buenos Aires, Cristina \u00c1lvarez Rodr\u00edguez la inauguraci\u00f3n de la sede del Registro Provincial de las Personas ubicada en el Centro C\u00edvico Municipal Villa Espa\u00f1a &#8211; Pl\u00e1tanos.<\/p>\n\n\n\n<p>\u201cHoy es un d\u00eda muy importante para nosotros. Estoy muy emocionado porque el proyecto del Centro C\u00edvico lo inici\u00f3 el Dr. Juan Jos\u00e9 Mussi. Y que ahora cuente con una sede del Registro Provincial de las Personas es una gran alegr\u00eda. Quiero agradecer al gobernador Axel Kicillof y a Cristina \u00c1lvarez Rodr\u00edguez por todo el apoyo que nos brindan siempre\u201d, expres\u00f3 Balor.<\/p>\n\n\n\n<p>Por su parte, \u00c1lvarez Rodr\u00edguez asegur\u00f3: \u201c\u00c9sta es una forma de honrar a Juan Jos\u00e9 Mussi: un maestro. Lo hacemos trabajando y acercando el Estado y derechos a los vecinos y vecinas, como nos pide Axel Kicillof. Adem\u00e1s, agreg\u00f3: \u201cCarlos Balor tiene el mismo compromiso que ten\u00eda Juan Jos\u00e9 Mussi. Gracias Berazategui por ser un municipio que trabaja permanentemente con el Gobierno bonaerense\u201d.<\/p>\n\n\n\n<p>La sede del Registro Provincial de las Personas del Centro C\u00edvico Municipal Villa Espa\u00f1a &#8211; Pl\u00e1tanos consta de dos oficinas donde se pueden realizar varios tr\u00e1mites, como el Documento Nacional de Identidad (DNI); pasaporte; certificados de domicilio, de preinscripci\u00f3n (CPI) y de supervivencia; denuncia de extrav\u00edo; y pedidos de partidas. En estas oficinas descentralizadas no se tramitan casamientos, uniones convivenciales ni defunciones.<\/p>\n\n\n\n<p>Adem\u00e1s de la inauguraci\u00f3n, el Registro Provincial de las Personas y la Secretar\u00eda de Gobierno de la Municipalidad de Berazategui desarrollaron un operativo gratuito de documentaci\u00f3n, del que participaron cerca de 400 vecinos y vecinas. Asimismo, se brindaron servicios de salud gratuitos y hubo inscripci\u00f3n al Plan de Finalizaci\u00f3n de Estudios Primarios y Secundarios (FinEs) para el Ciclo Lectivo 2026.<\/p>\n","protected":false},"excerpt":{"rendered":"<p>El intendente de Berazategui, Carlos Balor, encabez\u00f3 el acto junto a la jefa de Asesores&#8230;<\/p>\n","protected":false},"author":2,"featured_media":15819,"comment_status":"open","ping_status":"open","sticky":false,"template":"","format":"standard","meta":{"_jetpack_memberships_contains_paid_content":false,"footnotes":""},"categories":[6,4],"tags":[11,2476,1815],"class_list":["post-15818","post","type-post","status-publish","format-standard","has-post-thumbnail","hentry","category-berazategui","category-provincia","tag-berazategui","tag-carlos-balor","tag-cristina-alvarez-rodriguez"],"jetpack_featured_media_url":"https:\/\/i0.wp.com\/realidadsur.com.ar\/wp-content\/uploads\/2026\/03\/20260227_Inauguracion_Intendente_Balor_Registro_Civil_Villa_Espana_Platanos_NM_023.jpg?fit=1920%2C1280&ssl=1","jetpack_sharing_enabled":true,"_links":{"self":[{"href":"https:\/\/realidadsur.com.ar\/index.php?rest_route=\/wp\/v2\/posts\/15818","targetHints":{"allow":["GET"]}}],"collection":[{"href":"https:\/\/realidadsur.com.ar\/index.php?rest_route=\/wp\/v2\/posts"}],"about":[{"href":"https:\/\/realidadsur.com.ar\/index.php?rest_route=\/wp\/v2\/types\/post"}],"author":[{"embeddable":true,"href":"https:\/\/realidadsur.com.ar\/index.php?rest_route=\/wp\/v2\/users\/2"}],"replies":[{"embeddable":true,"href":"https:\/\/realidadsur.com.ar\/index.php?rest_route=%2Fwp%2Fv2%2Fcomments&post=15818"}],"version-history":[{"count":1,"href":"https:\/\/realidadsur.com.ar\/index.php?rest_route=\/wp\/v2\/posts\/15818\/revisions"}],"predecessor-version":[{"id":15820,"href":"https:\/\/realidadsur.com.ar\/index.php?rest_route=\/wp\/v2\/posts\/15818\/revisions\/15820"}],"wp:featuredmedia":[{"embeddable":true,"href":"https:\/\/realidadsur.com.ar\/index.php?rest_route=\/wp\/v2\/media\/15819"}],"wp:attachment":[{"href":"https:\/\/realidadsur.com.ar\/index.php?rest_route=%2Fwp%2Fv2%2Fmedia&parent=15818"}],"wp:term":[{"taxonomy":"category","embeddable":true,"href":"https:\/\/realidadsur.com.ar\/index.php?rest_route=%2Fwp%2Fv2%2Fcategories&post=15818"},{"taxonomy":"post_tag","embeddable":true,"href":"https:\/\/realidadsur.com.ar\/index.php?rest_route=%2Fwp%2Fv2%2Ftags&post=15818"}],"curies":[{"name":"wp","href":"https:\/\/api.w.org\/{rel}","templated":true}]}}