{"id":15829,"date":"2026-03-04T15:28:50","date_gmt":"2026-03-04T18:28:50","guid":{"rendered":"https:\/\/realidadsur.com.ar\/?p=15829"},"modified":"2026-03-04T15:29:04","modified_gmt":"2026-03-04T18:29:04","slug":"docentes-bonaerenses-aceptarian-la-oferta-del-gobierno-de-kicillof","status":"publish","type":"post","link":"https:\/\/realidadsur.com.ar\/?p=15829","title":{"rendered":"DOCENTES BONAERENSES ACEPTAR\u00cdAN LA OFERTA DEL GOBIERNO DE KICILLOF"},"content":{"rendered":"\n<p>El Gobierno de Axel Kicillof dio este mi\u00e9rcoles un paso clave para acordar una suba salarial con los gremios docentes: ofreci\u00f3 un 9% en tres cuotas y qued\u00f3 a un paso de cerrar la paritaria.<\/p>\n\n\n\n<p>En una reuni\u00f3n en La Plata, la Provincia ofert\u00f3 un aumento en tres partes: al 1,5% ya abonado en febrero, le sumar\u00e1 un 5% de marzo a pagarse en abril y otro 2.5% para abril, con fecha de cobro en mayo. De esta manera, los ajustes completan un 9%, muy por encima de la propuesta de d\u00edas atr\u00e1s.<\/p>\n\n\n\n<p>En concreto, los maestros recibir\u00e1n un ajuste de 7,5 % para el bimestre marzo\/abril, que incluye una bonificaci\u00f3n no remunerativa de $28.700 bajo la denominaci\u00f3n \u201cCompensaci\u00f3n FONID\/Conectividad\u201d, adem\u00e1s de cl\u00e1usula de monitoreo y reapertura.<\/p>\n\n\n\n<p>Si bien ahora las bases de los gremios del Frente de Unidad Docente deber\u00e1n confirmar si aceptan la oferta, los referentes gremiales le dieron el visto bueno y todo se encamina a cerrar un acuerdo por los pr\u00f3ximos meses.<\/p>\n","protected":false},"excerpt":{"rendered":"<p>El Gobierno de Axel Kicillof dio este mi\u00e9rcoles un paso clave para acordar una suba&#8230;<\/p>\n","protected":false},"author":2,"featured_media":15830,"comment_status":"open","ping_status":"open","sticky":false,"template":"","format":"standard","meta":{"_jetpack_memberships_contains_paid_content":false,"footnotes":""},"categories":[3823,3978,4],"tags":[24,669],"class_list":["post-15829","post","type-post","status-publish","format-standard","has-post-thumbnail","hentry","category-economia","category-politica","category-provincia","tag-axel-kicillof","tag-paritaria-docente"],"jetpack_featured_media_url":"https:\/\/i0.wp.com\/realidadsur.com.ar\/wp-content\/uploads\/2026\/03\/Docentes.jpg?fit=783%2C580&ssl=1","jetpack_sharing_enabled":true,"_links":{"self":[{"href":"https:\/\/realidadsur.com.ar\/index.php?rest_route=\/wp\/v2\/posts\/15829","targetHints":{"allow":["GET"]}}],"collection":[{"href":"https:\/\/realidadsur.com.ar\/index.php?rest_route=\/wp\/v2\/posts"}],"about":[{"href":"https:\/\/realidadsur.com.ar\/index.php?rest_route=\/wp\/v2\/types\/post"}],"author":[{"embeddable":true,"href":"https:\/\/realidadsur.com.ar\/index.php?rest_route=\/wp\/v2\/users\/2"}],"replies":[{"embeddable":true,"href":"https:\/\/realidadsur.com.ar\/index.php?rest_route=%2Fwp%2Fv2%2Fcomments&post=15829"}],"version-history":[{"count":1,"href":"https:\/\/realidadsur.com.ar\/index.php?rest_route=\/wp\/v2\/posts\/15829\/revisions"}],"predecessor-version":[{"id":15831,"href":"https:\/\/realidadsur.com.ar\/index.php?rest_route=\/wp\/v2\/posts\/15829\/revisions\/15831"}],"wp:featuredmedia":[{"embeddable":true,"href":"https:\/\/realidadsur.com.ar\/index.php?rest_route=\/wp\/v2\/media\/15830"}],"wp:attachment":[{"href":"https:\/\/realidadsur.com.ar\/index.php?rest_route=%2Fwp%2Fv2%2Fmedia&parent=15829"}],"wp:term":[{"taxonomy":"category","embeddable":true,"href":"https:\/\/realidadsur.com.ar\/index.php?rest_route=%2Fwp%2Fv2%2Fcategories&post=15829"},{"taxonomy":"post_tag","embeddable":true,"href":"https:\/\/realidadsur.com.ar\/index.php?rest_route=%2Fwp%2Fv2%2Ftags&post=15829"}],"curies":[{"name":"wp","href":"https:\/\/api.w.org\/{rel}","templated":true}]}}