{"id":15833,"date":"2026-03-04T18:12:44","date_gmt":"2026-03-04T21:12:44","guid":{"rendered":"https:\/\/realidadsur.com.ar\/?p=15833"},"modified":"2026-03-04T18:12:46","modified_gmt":"2026-03-04T21:12:46","slug":"la-provincia-iniciara-la-bajada-de-la-autopista-en-ezpeleta","status":"publish","type":"post","link":"https:\/\/realidadsur.com.ar\/?p=15833","title":{"rendered":"LA PROVINCIA INICIAR\u00c1 LA BAJADA DE LA AUTOPISTA EN EZPELETA"},"content":{"rendered":"\n<p>Autopistas de Buenos Aires SA (AUBASA) y el Municipio de Quilmes, a trav\u00e9s de la intendenta Eva Mieri, llevaron adelante la firma de un convenio para iniciar de manera conjunta, la bajada en Ezpeleta de la autopista Buenos Aires-La Plata, una obra de conexi\u00f3n de las colectoras Norte y Sur de Quilmes y Berazategui.<\/p>\n\n\n\n<p>\u201cFirmamos un convenio con AUBASA que ser\u00e1 fundamental para comenzar con la obra de la nueva bajada de la Autopista Buenos Aires &#8211; La Plata en Ezpeleta. Una obra hist\u00f3rica. Un reclamo de d\u00e9cadas de nuestros vecinos y vecinas. M\u00e1s conectividad, m\u00e1s desarrollo y m\u00e1s oportunidades para Quilmes\u201d, se\u00f1al\u00f3 Mieri, luego de rubricar el acuerdo con el presidente de AUBASA, Jos\u00e9 Arteaga.<\/p>\n\n\n\n<p>El proyecto permitir\u00e1 mejorar el acceso y la movilidad del \u00e1rea comprendida entre la bajada de avenida Isidoro Iriarte (Quilmes) y el acceso de avenida 14 (Berazategui), reduciendo la congesti\u00f3n del tr\u00e1nsito que se registra en la actualidad y anticipando futuras necesidades de circulaci\u00f3n vinculadas al desarrollo urbano pr\u00f3ximo a la traza.<\/p>\n\n\n\n<p>A trav\u00e9s de esta obra se le dar\u00e1 continuidad a la avenida Varela, del partido de Berazategui con el sector costero, manteniendo \u00e1reas de reserva natural y favoreciendo un desarrollo arm\u00f3nico del sector y permitir\u00e1 mejorar el eje de conectividad Este-Oeste, a fin de concretar la integraci\u00f3n definitiva de Quilmes Centro, Ezpeleta y Bernal con el sector ribere\u00f1o.<\/p>\n\n\n\n<p>Este trabajo de conexi\u00f3n, que cuenta con el aval del Ministerio de Infraestructura y Servicios P\u00fablicos de la Provincia de Buenos Aires, fomentar\u00e1 el crecimiento y desarrollo de la zona.<\/p>\n\n\n\n<p>Estuvieron presentes tambi\u00e9n el vicepresidente y el gerente general de la empresa estatal bonaerense, Walter Abarca y Pablo Ceriani, respectivamente.<\/p>\n","protected":false},"excerpt":{"rendered":"<p>Autopistas de Buenos Aires SA (AUBASA) y el Municipio de Quilmes, a trav\u00e9s de la&#8230;<\/p>\n","protected":false},"author":2,"featured_media":15834,"comment_status":"open","ping_status":"open","sticky":false,"template":"","format":"standard","meta":{"_jetpack_memberships_contains_paid_content":false,"footnotes":""},"categories":[6,4,5],"tags":[24,11,1770,14],"class_list":["post-15833","post","type-post","status-publish","format-standard","has-post-thumbnail","hentry","category-berazategui","category-provincia","category-quilmes","tag-axel-kicillof","tag-berazategui","tag-eva-mieri","tag-quilmes"],"jetpack_featured_media_url":"https:\/\/i0.wp.com\/realidadsur.com.ar\/wp-content\/uploads\/2026\/03\/EL-MUNICIPIO-FIRMO-UN-CONVENIO-CON-AUBASA-PARA-INICIAR-LA-OBRA-DE-LA-BAJADA-DE-EZPELETA-2.jpg?fit=1280%2C853&ssl=1","jetpack_sharing_enabled":true,"_links":{"self":[{"href":"https:\/\/realidadsur.com.ar\/index.php?rest_route=\/wp\/v2\/posts\/15833","targetHints":{"allow":["GET"]}}],"collection":[{"href":"https:\/\/realidadsur.com.ar\/index.php?rest_route=\/wp\/v2\/posts"}],"about":[{"href":"https:\/\/realidadsur.com.ar\/index.php?rest_route=\/wp\/v2\/types\/post"}],"author":[{"embeddable":true,"href":"https:\/\/realidadsur.com.ar\/index.php?rest_route=\/wp\/v2\/users\/2"}],"replies":[{"embeddable":true,"href":"https:\/\/realidadsur.com.ar\/index.php?rest_route=%2Fwp%2Fv2%2Fcomments&post=15833"}],"version-history":[{"count":1,"href":"https:\/\/realidadsur.com.ar\/index.php?rest_route=\/wp\/v2\/posts\/15833\/revisions"}],"predecessor-version":[{"id":15835,"href":"https:\/\/realidadsur.com.ar\/index.php?rest_route=\/wp\/v2\/posts\/15833\/revisions\/15835"}],"wp:featuredmedia":[{"embeddable":true,"href":"https:\/\/realidadsur.com.ar\/index.php?rest_route=\/wp\/v2\/media\/15834"}],"wp:attachment":[{"href":"https:\/\/realidadsur.com.ar\/index.php?rest_route=%2Fwp%2Fv2%2Fmedia&parent=15833"}],"wp:term":[{"taxonomy":"category","embeddable":true,"href":"https:\/\/realidadsur.com.ar\/index.php?rest_route=%2Fwp%2Fv2%2Fcategories&post=15833"},{"taxonomy":"post_tag","embeddable":true,"href":"https:\/\/realidadsur.com.ar\/index.php?rest_route=%2Fwp%2Fv2%2Ftags&post=15833"}],"curies":[{"name":"wp","href":"https:\/\/api.w.org\/{rel}","templated":true}]}}