{"id":15839,"date":"2026-03-04T18:52:42","date_gmt":"2026-03-04T21:52:42","guid":{"rendered":"https:\/\/realidadsur.com.ar\/?p=15839"},"modified":"2026-03-04T18:52:45","modified_gmt":"2026-03-04T21:52:45","slug":"piden-23-anos-de-carcel-para-un-joven-por-el-homicidio-de-kim","status":"publish","type":"post","link":"https:\/\/realidadsur.com.ar\/?p=15839","title":{"rendered":"PIDEN 23 A\u00d1OS DE C\u00c1RCEL PARA UN JOVEN POR EL HOMICIDIO DE KIM"},"content":{"rendered":"\n<p>El Tribunal de Responsabilidad Penal Juvenil N\u00b0 1 de La Plata declar\u00f3 culpable al joven de 18 a\u00f1os por el crimen de Kim G\u00f3mez, la nena de 7 a\u00f1os asesinada en febrero de 2025 durante un intento de robo.<\/p>\n\n\n\n<p>Los jueces Marcelo Giorgis, Guillermo Mercenaro y Juan Carlos Estrada consideraron responsable al implicado, que ten\u00eda 17 a\u00f1os al momento del hecho, por el delito de homicidio en ocasi\u00f3n de robo.<\/p>\n\n\n\n<p>La sentencia y los fundamentos se conocer\u00e1n el lunes 16 de marzo, luego de que la fiscal\u00eda pidiera una pena de 23 a\u00f1os y 4 meses de prisi\u00f3n y la defensa solictara 7 a\u00f1os al sostener que se trat\u00f3 de un homicidio culposo.<\/p>\n","protected":false},"excerpt":{"rendered":"<p>El Tribunal de Responsabilidad Penal Juvenil N\u00b0 1 de La Plata declar\u00f3 culpable al joven&#8230;<\/p>\n","protected":false},"author":2,"featured_media":15840,"comment_status":"open","ping_status":"open","sticky":false,"template":"","format":"standard","meta":{"_jetpack_memberships_contains_paid_content":false,"footnotes":""},"categories":[3976],"tags":[4203],"class_list":["post-15839","post","type-post","status-publish","format-standard","has-post-thumbnail","hentry","category-policiales","tag-kim"],"jetpack_featured_media_url":"https:\/\/i0.wp.com\/realidadsur.com.ar\/wp-content\/uploads\/2026\/03\/La-pequena-tenia-7-anos.webp?fit=1280%2C672&ssl=1","jetpack_sharing_enabled":true,"_links":{"self":[{"href":"https:\/\/realidadsur.com.ar\/index.php?rest_route=\/wp\/v2\/posts\/15839","targetHints":{"allow":["GET"]}}],"collection":[{"href":"https:\/\/realidadsur.com.ar\/index.php?rest_route=\/wp\/v2\/posts"}],"about":[{"href":"https:\/\/realidadsur.com.ar\/index.php?rest_route=\/wp\/v2\/types\/post"}],"author":[{"embeddable":true,"href":"https:\/\/realidadsur.com.ar\/index.php?rest_route=\/wp\/v2\/users\/2"}],"replies":[{"embeddable":true,"href":"https:\/\/realidadsur.com.ar\/index.php?rest_route=%2Fwp%2Fv2%2Fcomments&post=15839"}],"version-history":[{"count":2,"href":"https:\/\/realidadsur.com.ar\/index.php?rest_route=\/wp\/v2\/posts\/15839\/revisions"}],"predecessor-version":[{"id":15842,"href":"https:\/\/realidadsur.com.ar\/index.php?rest_route=\/wp\/v2\/posts\/15839\/revisions\/15842"}],"wp:featuredmedia":[{"embeddable":true,"href":"https:\/\/realidadsur.com.ar\/index.php?rest_route=\/wp\/v2\/media\/15840"}],"wp:attachment":[{"href":"https:\/\/realidadsur.com.ar\/index.php?rest_route=%2Fwp%2Fv2%2Fmedia&parent=15839"}],"wp:term":[{"taxonomy":"category","embeddable":true,"href":"https:\/\/realidadsur.com.ar\/index.php?rest_route=%2Fwp%2Fv2%2Fcategories&post=15839"},{"taxonomy":"post_tag","embeddable":true,"href":"https:\/\/realidadsur.com.ar\/index.php?rest_route=%2Fwp%2Fv2%2Ftags&post=15839"}],"curies":[{"name":"wp","href":"https:\/\/api.w.org\/{rel}","templated":true}]}}