{"id":15845,"date":"2026-03-05T17:25:05","date_gmt":"2026-03-05T20:25:05","guid":{"rendered":"https:\/\/realidadsur.com.ar\/?p=15845"},"modified":"2026-03-05T17:25:13","modified_gmt":"2026-03-05T20:25:13","slug":"los-docentes-universitarios-van-al-paro-durante-una-semana","status":"publish","type":"post","link":"https:\/\/realidadsur.com.ar\/?p=15845","title":{"rendered":"LOS DOCENTES UNIVERSITARIOS VAN AL PARO DURANTE UNA SEMANA"},"content":{"rendered":"\n<p>El primer paro universitario nacional comenzar\u00e1 el lunes 16 de marzo y, por el momento, finalizar\u00e1 el 20, para retomar el 23 las clases con normalidad. Sin embargo, docentes de la Universidad de Buenos Aires proponen que el cese de actividades sea \u201cpor tiempo indeterminado\u201d, hasta que se aplique la Ley de Financiamiento Universitario y se concrete el pago de un aumento del 51% adeudado por la recomposici\u00f3n salarial.<\/p>\n\n\n\n<p>Laura Carboni, secretaria general de la Asociaci\u00f3n Gremial Docente (AGD) de la UBA, expres\u00f3 \u201cNosotros votamos el paro por tiempo indeterminado en nuestra asamblea, el martes pasado, para traer el mandato al congreso de la Federaci\u00f3n (CONADU Hist\u00f3rica). La medida de lucha tiene que salir de manera nacional y en caso de que as\u00ed no sea, nosotros arrancamos el paro el 16 y ya el d\u00eda 20 tendremos otra asamblea nuevamente para definir c\u00f3mo continuamos. Es decir, la medida tiene que ser ratificada por el congreso de la federaci\u00f3n para que sea de todas las universidades nacionales\u201d,.<\/p>\n\n\n\n<p>Por el momento, el paro convocado por la CONADU Hist\u00f3rica y el Gremio de los Docentes e Investigadores Universitarios de C\u00f3rdoba (ADIUC) ser\u00e1 de una semana, con posibilidad de extenderse, luego de la jornada de asamblea del d\u00eda de hoy.<\/p>\n","protected":false},"excerpt":{"rendered":"<p>El primer paro universitario nacional comenzar\u00e1 el lunes 16 de marzo y, por el momento,&#8230;<\/p>\n","protected":false},"author":2,"featured_media":15846,"comment_status":"open","ping_status":"open","sticky":false,"template":"","format":"standard","meta":{"_jetpack_memberships_contains_paid_content":false,"footnotes":""},"categories":[3],"tags":[2489,1578],"class_list":["post-15845","post","type-post","status-publish","format-standard","has-post-thumbnail","hentry","category-nacion","tag-conadu","tag-paro-docente"],"jetpack_featured_media_url":"https:\/\/i0.wp.com\/realidadsur.com.ar\/wp-content\/uploads\/2026\/03\/La-medida-comenzara-el-16-de-marzo.jpeg?fit=400%2C300&ssl=1","jetpack_sharing_enabled":true,"_links":{"self":[{"href":"https:\/\/realidadsur.com.ar\/index.php?rest_route=\/wp\/v2\/posts\/15845","targetHints":{"allow":["GET"]}}],"collection":[{"href":"https:\/\/realidadsur.com.ar\/index.php?rest_route=\/wp\/v2\/posts"}],"about":[{"href":"https:\/\/realidadsur.com.ar\/index.php?rest_route=\/wp\/v2\/types\/post"}],"author":[{"embeddable":true,"href":"https:\/\/realidadsur.com.ar\/index.php?rest_route=\/wp\/v2\/users\/2"}],"replies":[{"embeddable":true,"href":"https:\/\/realidadsur.com.ar\/index.php?rest_route=%2Fwp%2Fv2%2Fcomments&post=15845"}],"version-history":[{"count":1,"href":"https:\/\/realidadsur.com.ar\/index.php?rest_route=\/wp\/v2\/posts\/15845\/revisions"}],"predecessor-version":[{"id":15847,"href":"https:\/\/realidadsur.com.ar\/index.php?rest_route=\/wp\/v2\/posts\/15845\/revisions\/15847"}],"wp:featuredmedia":[{"embeddable":true,"href":"https:\/\/realidadsur.com.ar\/index.php?rest_route=\/wp\/v2\/media\/15846"}],"wp:attachment":[{"href":"https:\/\/realidadsur.com.ar\/index.php?rest_route=%2Fwp%2Fv2%2Fmedia&parent=15845"}],"wp:term":[{"taxonomy":"category","embeddable":true,"href":"https:\/\/realidadsur.com.ar\/index.php?rest_route=%2Fwp%2Fv2%2Fcategories&post=15845"},{"taxonomy":"post_tag","embeddable":true,"href":"https:\/\/realidadsur.com.ar\/index.php?rest_route=%2Fwp%2Fv2%2Ftags&post=15845"}],"curies":[{"name":"wp","href":"https:\/\/api.w.org\/{rel}","templated":true}]}}