{"id":15848,"date":"2026-03-05T17:32:17","date_gmt":"2026-03-05T20:32:17","guid":{"rendered":"https:\/\/realidadsur.com.ar\/?p=15848"},"modified":"2026-03-05T17:32:19","modified_gmt":"2026-03-05T20:32:19","slug":"liberaron-al-hombre-acusado-de-suministrar-cocaina-a-sus-seis-hijos","status":"publish","type":"post","link":"https:\/\/realidadsur.com.ar\/?p=15848","title":{"rendered":"LIBERARON AL HOMBRE ACUSADO DE SUMINISTRAR COCA\u00cdNA A SUS SEIS HIJOS"},"content":{"rendered":"\n<p>El hombre acusado de suministrarles coca\u00edna a sus seis hijos en Balcarce fue excarcelado tras la declaraci\u00f3n de los ni\u00f1os en C\u00e1mara Gesell.<\/p>\n\n\n\n<p>Fuentes de la investigaci\u00f3n informaron que, el acusado recuper\u00f3 la libertad aunque tiene prohibido acercarse a sus descendientes hasta el cierre de la causa.<\/p>\n\n\n\n<p>\u201cTodav\u00eda se investiga de qu\u00e9 manera lleg\u00f3 la droga a la sangre de los chicos\u201d, explicaron los allegados al caso y agregaron que el an\u00e1lisis se encuentra en el cuerpo m\u00e9dico, donde se brinda asesoramiento pericial.<\/p>\n\n\n\n<p>A su vez, se eval\u00faa si se trat\u00f3 de un hecho doloso, culposo o intencional, motivo por el que el progenitor \u201cpuede abordar el proceso\u201d fuera de la c\u00e1rcel.<\/p>\n\n\n\n<p>Las v\u00edctimas prestaron testimonio en C\u00e1mara Gesell pero \u201cno aportaron datos\u201d que permitan mantener al implicado detenido.<\/p>\n\n\n\n<p>Los seis hermanos recibieron el alta tras permanecer internados a fines de enero en un hospital zonal y la causa est\u00e1 caratulada como \u201csuministro de estupefacientes agravado por tratarse de menores de edad\u201d, agravado por el v\u00ednculo.<\/p>\n","protected":false},"excerpt":{"rendered":"<p>El hombre acusado de suministrarles coca\u00edna a sus seis hijos en Balcarce fue excarcelado tras&#8230;<\/p>\n","protected":false},"author":2,"featured_media":15849,"comment_status":"open","ping_status":"open","sticky":false,"template":"","format":"standard","meta":{"_jetpack_memberships_contains_paid_content":false,"footnotes":""},"categories":[3976,4],"tags":[4205,1135],"class_list":["post-15848","post","type-post","status-publish","format-standard","has-post-thumbnail","hentry","category-policiales","category-provincia","tag-balcarce","tag-cocaina-2"],"jetpack_featured_media_url":"https:\/\/realidadsur.com.ar\/wp-content\/uploads\/2026\/03\/Investigan-si-fue-un-hecho-doloso-o-culposo.avif","jetpack_sharing_enabled":true,"_links":{"self":[{"href":"https:\/\/realidadsur.com.ar\/index.php?rest_route=\/wp\/v2\/posts\/15848","targetHints":{"allow":["GET"]}}],"collection":[{"href":"https:\/\/realidadsur.com.ar\/index.php?rest_route=\/wp\/v2\/posts"}],"about":[{"href":"https:\/\/realidadsur.com.ar\/index.php?rest_route=\/wp\/v2\/types\/post"}],"author":[{"embeddable":true,"href":"https:\/\/realidadsur.com.ar\/index.php?rest_route=\/wp\/v2\/users\/2"}],"replies":[{"embeddable":true,"href":"https:\/\/realidadsur.com.ar\/index.php?rest_route=%2Fwp%2Fv2%2Fcomments&post=15848"}],"version-history":[{"count":1,"href":"https:\/\/realidadsur.com.ar\/index.php?rest_route=\/wp\/v2\/posts\/15848\/revisions"}],"predecessor-version":[{"id":15850,"href":"https:\/\/realidadsur.com.ar\/index.php?rest_route=\/wp\/v2\/posts\/15848\/revisions\/15850"}],"wp:featuredmedia":[{"embeddable":true,"href":"https:\/\/realidadsur.com.ar\/index.php?rest_route=\/wp\/v2\/media\/15849"}],"wp:attachment":[{"href":"https:\/\/realidadsur.com.ar\/index.php?rest_route=%2Fwp%2Fv2%2Fmedia&parent=15848"}],"wp:term":[{"taxonomy":"category","embeddable":true,"href":"https:\/\/realidadsur.com.ar\/index.php?rest_route=%2Fwp%2Fv2%2Fcategories&post=15848"},{"taxonomy":"post_tag","embeddable":true,"href":"https:\/\/realidadsur.com.ar\/index.php?rest_route=%2Fwp%2Fv2%2Ftags&post=15848"}],"curies":[{"name":"wp","href":"https:\/\/api.w.org\/{rel}","templated":true}]}}