{"id":15852,"date":"2026-03-05T17:49:17","date_gmt":"2026-03-05T20:49:17","guid":{"rendered":"https:\/\/realidadsur.com.ar\/?p=15852"},"modified":"2026-03-05T17:49:21","modified_gmt":"2026-03-05T20:49:21","slug":"segun-una-encuesta-kicillof-alcanzaria-el-45-de-los-votos-y-derrotaria-a-milei","status":"publish","type":"post","link":"https:\/\/realidadsur.com.ar\/?p=15852","title":{"rendered":"SEG\u00daN UNA ENCUESTA, KICILLOF ALCANZAR\u00cdA EL 45% DE LOS VOTOS Y DERROTAR\u00cdA A MILEI"},"content":{"rendered":"\n<p>El gobernador bonaerense Axel Kicillof se impondr\u00eda sobre el presidente Javier Milei en un hipot\u00e9tico ballotage en la Provincia de Buenos Aires con el 48% de los votos contra el 41%, seg\u00fan un sondeo qu\u00e9 trascendi\u00f3 este jueves.<\/p>\n\n\n\n<p>La ventaja del mandatario provincial oscila entre 4 y 7 puntos seg\u00fan los monitoreos de opini\u00f3n p\u00fablica m\u00e1s recientes de febrero y marzo de 2026. El 9% de los consultados no votar\u00eda a ninguno de los dos candidatos, mientras que el 3% no sabe o no tiene opini\u00f3n formada.<\/p>\n\n\n\n<p>La fortaleza del gobernador se concentra en el Gran Buenos Aires, especialmente en la Tercera Secci\u00f3n Electoral \u2014La Matanza, Lomas de Zamora y Quilmes\u2014, donde su gesti\u00f3n en educaci\u00f3n y obra p\u00fablica sostiene niveles de aprobaci\u00f3n cercanos al 48%.<\/p>\n\n\n\n<p>En ese territorio, Milei acumula un diferencial negativo en la mayor\u00eda de los municipios, con una desaprobaci\u00f3n de su gesti\u00f3n econ\u00f3mica que supera el 55%.<\/p>\n\n\n\n<p>En cambio, el presidente conserva su caudal en el interior provincial, aunque registra un desgaste en el segundo cord\u00f3n del conurbano, atribuido al impacto de las tarifas y el transporte.<\/p>\n\n\n\n<p>Kicillof cosecha una imagen positiva provincial en torno al 45% y es percibido como un \u201cescudo\u201d frente a las pol\u00edticas de ajuste nacional. Su imagen negativa est\u00e1 concentrada en votantes que no lo elegir\u00edan propuestas progresistas. Milei, por su parte, tiene en Buenos Aires una imagen positiva inferior a su promedio nacional, ubicada entre el 38% y el 39%, aunque conserva un n\u00facleo duro del 35% que se mantiene estable pese al contexto econ\u00f3mico.<\/p>\n\n\n\n<p>Si el ballotage fuera hoy en territorio bonaerense, Kicillof consolidar\u00eda a la provincia como el principal basti\u00f3n opositor al gobierno nacional. La informaci\u00f3n corresponde al trabajo que hace cada mes la consultora Opinaia.<\/p>\n","protected":false},"excerpt":{"rendered":"<p>El gobernador bonaerense Axel Kicillof se impondr\u00eda sobre el presidente Javier Milei en un hipot\u00e9tico&#8230;<\/p>\n","protected":false},"author":2,"featured_media":15853,"comment_status":"open","ping_status":"open","sticky":false,"template":"","format":"standard","meta":{"_jetpack_memberships_contains_paid_content":false,"footnotes":""},"categories":[3,3978,4],"tags":[24,200],"class_list":["post-15852","post","type-post","status-publish","format-standard","has-post-thumbnail","hentry","category-nacion","category-politica","category-provincia","tag-axel-kicillof","tag-javier-milei"],"jetpack_featured_media_url":"https:\/\/i0.wp.com\/realidadsur.com.ar\/wp-content\/uploads\/2026\/03\/El-gobernador-sigue-fuerte-en-la-Tercera-seccion-electoral.jpg?fit=299%2C168&ssl=1","jetpack_sharing_enabled":true,"_links":{"self":[{"href":"https:\/\/realidadsur.com.ar\/index.php?rest_route=\/wp\/v2\/posts\/15852","targetHints":{"allow":["GET"]}}],"collection":[{"href":"https:\/\/realidadsur.com.ar\/index.php?rest_route=\/wp\/v2\/posts"}],"about":[{"href":"https:\/\/realidadsur.com.ar\/index.php?rest_route=\/wp\/v2\/types\/post"}],"author":[{"embeddable":true,"href":"https:\/\/realidadsur.com.ar\/index.php?rest_route=\/wp\/v2\/users\/2"}],"replies":[{"embeddable":true,"href":"https:\/\/realidadsur.com.ar\/index.php?rest_route=%2Fwp%2Fv2%2Fcomments&post=15852"}],"version-history":[{"count":1,"href":"https:\/\/realidadsur.com.ar\/index.php?rest_route=\/wp\/v2\/posts\/15852\/revisions"}],"predecessor-version":[{"id":15854,"href":"https:\/\/realidadsur.com.ar\/index.php?rest_route=\/wp\/v2\/posts\/15852\/revisions\/15854"}],"wp:featuredmedia":[{"embeddable":true,"href":"https:\/\/realidadsur.com.ar\/index.php?rest_route=\/wp\/v2\/media\/15853"}],"wp:attachment":[{"href":"https:\/\/realidadsur.com.ar\/index.php?rest_route=%2Fwp%2Fv2%2Fmedia&parent=15852"}],"wp:term":[{"taxonomy":"category","embeddable":true,"href":"https:\/\/realidadsur.com.ar\/index.php?rest_route=%2Fwp%2Fv2%2Fcategories&post=15852"},{"taxonomy":"post_tag","embeddable":true,"href":"https:\/\/realidadsur.com.ar\/index.php?rest_route=%2Fwp%2Fv2%2Ftags&post=15852"}],"curies":[{"name":"wp","href":"https:\/\/api.w.org\/{rel}","templated":true}]}}