{"id":15858,"date":"2026-03-05T18:08:57","date_gmt":"2026-03-05T21:08:57","guid":{"rendered":"https:\/\/realidadsur.com.ar\/?p=15858"},"modified":"2026-03-05T18:08:58","modified_gmt":"2026-03-05T21:08:58","slug":"jornada-historica-berazategui-realizo-383-cirugias-gratuitas-de-cataratas","status":"publish","type":"post","link":"https:\/\/realidadsur.com.ar\/?p=15858","title":{"rendered":"JORNADA HIST\u00d3RICA: BERAZATEGUI REALIZ\u00d3 383 CIRUG\u00cdAS GRATUITAS DE CATARATAS"},"content":{"rendered":"\n<p>El intendente Carlos Balor estuvo en la marat\u00f3n quir\u00fargica realizada por la Municipalidad de Berazategui en el Centro Oftalmol\u00f3gico Cl\u00ednico Quir\u00fargico San Camilo. Durante 24 horas (del lunes 2 de marzo a las 8.00 al martes 3 a las 8.00) se concretaron 383 cirug\u00edas de cataratas gratuitas. De la iniciativa formaron parte 130 profesionales entre cirujanos, oftalm\u00f3logos, asistentes, instrumentadores, enfermeras y equipo del Centro Oftalmol\u00f3gico, en cuatro quir\u00f3fanos.<\/p>\n\n\n\n<p>Se trata de una campa\u00f1a destinada a personas mayores de 60 a\u00f1os detectadas a trav\u00e9s de jornadas oftalmol\u00f3gicas realizadas en instituciones barriales, que es impulsada por el intendente Carlos Balor y que se realiz\u00f3 junto a las Fundaciones Elena Barraquer (espa\u00f1ola) y Faco Extrema.<\/p>\n\n\n\n<p>Al respecto, el jefe de Cirug\u00eda del Centro Oftalmol\u00f3gico, Gerardo Valvecchia, explic\u00f3: \u201cEsta campa\u00f1a consta de 24 horas seguidas de cirug\u00edas de cataratas, para luchar contra la ceguera. Somos m\u00e1s de 100 personas abocadas a esta tarea. Nos visit\u00f3 el intendente Carlos Balor, quien lo hizo posible junto con el Dr. Pablo Costa -secretario de Salud P\u00fablica e Higiene- y gracias al apoyo econ\u00f3mico de la Fundaci\u00f3n Elena Barraquer. Los pacientes se van con una sonrisa tras recuperar la visi\u00f3n\u201d.<\/p>\n\n\n\n<p>En tanto, la Presidenta de la Fundaci\u00f3n Elena Barraquer, Dra. Elena Barraquer, expres\u00f3: \u201cEs un honor estar en Berazategui, en el Centro San Camilo, en esta maravillosa campa\u00f1a donde el Dr. Gerardo Valvecchia y muchos otros oftalm\u00f3logos argentinos participaron con muchas ganas de ayudar a quienes m\u00e1s lo necesitan\u201d.<\/p>\n\n\n\n<p>Por su parte, Mar\u00eda C\u00e9spedes, vecina operada en el Centro Oftalmol\u00f3gico San Camilo, coment\u00f3: \u201cEstoy muy contenta; me oper\u00f3 de cataratas un m\u00e9dico excelente. Me sent\u00ed muy bien y c\u00f3moda; fue totalmente gratis y la atenci\u00f3n fue muy buena\u201d.<\/p>\n\n\n\n<p>En el Centro Oftalmol\u00f3gico Municipal San Camilo -dependiente de la Secretar\u00eda de Salud P\u00fablica e Higiene- se realizan trasplantes de c\u00f3rnea y cirug\u00edas de cataratas y vitreoretinales (vitrectom\u00eda, maculopat\u00edas, retinopat\u00eda diab\u00e9tica y desprendimiento de retina). Asimismo, el espacio lleva adelante campa\u00f1as de concientizaci\u00f3n para prevenir da\u00f1os y patolog\u00edas oculares.<\/p>\n","protected":false},"excerpt":{"rendered":"<p>El intendente Carlos Balor estuvo en la marat\u00f3n quir\u00fargica realizada por la Municipalidad de Berazategui&#8230;<\/p>\n","protected":false},"author":2,"featured_media":15859,"comment_status":"open","ping_status":"open","sticky":false,"template":"","format":"standard","meta":{"_jetpack_memberships_contains_paid_content":false,"footnotes":""},"categories":[6],"tags":[11,2476],"class_list":["post-15858","post","type-post","status-publish","format-standard","has-post-thumbnail","hentry","category-berazategui","tag-berazategui","tag-carlos-balor"],"jetpack_featured_media_url":"https:\/\/i0.wp.com\/realidadsur.com.ar\/wp-content\/uploads\/2026\/03\/20260302_Maraton_Cirujia_San_Camilo_Carlos_Balor_SR_297.jpg?fit=2048%2C1365&ssl=1","jetpack_sharing_enabled":true,"_links":{"self":[{"href":"https:\/\/realidadsur.com.ar\/index.php?rest_route=\/wp\/v2\/posts\/15858","targetHints":{"allow":["GET"]}}],"collection":[{"href":"https:\/\/realidadsur.com.ar\/index.php?rest_route=\/wp\/v2\/posts"}],"about":[{"href":"https:\/\/realidadsur.com.ar\/index.php?rest_route=\/wp\/v2\/types\/post"}],"author":[{"embeddable":true,"href":"https:\/\/realidadsur.com.ar\/index.php?rest_route=\/wp\/v2\/users\/2"}],"replies":[{"embeddable":true,"href":"https:\/\/realidadsur.com.ar\/index.php?rest_route=%2Fwp%2Fv2%2Fcomments&post=15858"}],"version-history":[{"count":1,"href":"https:\/\/realidadsur.com.ar\/index.php?rest_route=\/wp\/v2\/posts\/15858\/revisions"}],"predecessor-version":[{"id":15860,"href":"https:\/\/realidadsur.com.ar\/index.php?rest_route=\/wp\/v2\/posts\/15858\/revisions\/15860"}],"wp:featuredmedia":[{"embeddable":true,"href":"https:\/\/realidadsur.com.ar\/index.php?rest_route=\/wp\/v2\/media\/15859"}],"wp:attachment":[{"href":"https:\/\/realidadsur.com.ar\/index.php?rest_route=%2Fwp%2Fv2%2Fmedia&parent=15858"}],"wp:term":[{"taxonomy":"category","embeddable":true,"href":"https:\/\/realidadsur.com.ar\/index.php?rest_route=%2Fwp%2Fv2%2Fcategories&post=15858"},{"taxonomy":"post_tag","embeddable":true,"href":"https:\/\/realidadsur.com.ar\/index.php?rest_route=%2Fwp%2Fv2%2Ftags&post=15858"}],"curies":[{"name":"wp","href":"https:\/\/api.w.org\/{rel}","templated":true}]}}