{"id":15861,"date":"2026-03-05T20:51:01","date_gmt":"2026-03-05T23:51:01","guid":{"rendered":"https:\/\/realidadsur.com.ar\/?p=15861"},"modified":"2026-03-05T20:51:04","modified_gmt":"2026-03-05T23:51:04","slug":"el-nuevo-halcon-ha-dejado-de-existir","status":"publish","type":"post","link":"https:\/\/realidadsur.com.ar\/?p=15861","title":{"rendered":"EL NUEVO HALC\u00d3N HA DEJADO DE EXISTIR"},"content":{"rendered":"\n<p>La empresa El Nuevo Halc\u00f3n, que administra la L\u00ednea de colectivos 148, ha dejado de existir luego de una larga agon\u00eda en los \u00faltimos a\u00f1os.<\/p>\n\n\n\n<p>Anoche, los ex propietarios de la empresa comunicaron a los asociados que hubo dos empresas que han acercado ofertas a sobre cerrado en la Secretar\u00eda de Transporte nacional.<\/p>\n\n\n\n<p>Con respecto a las deudas, los nuevos oferentes expresaron que ellos incluir\u00e1n en el trato a la mayor\u00eda de los trabajadores (otros quedar\u00e1n en MOQSA), pero que la empresa deber\u00e1 estar saneada al momento del traspaso.<\/p>\n\n\n\n<p>Por eso, una de las posibles soluciones tiene que ver con algunos inmuebles que actualmente posee El Nuevo Halc\u00f3n, y con eso cubrir el pasivo actual.<\/p>\n\n\n\n<p>Seg\u00fan ha publicado el sitio especializado &#8220;Ciudad de Bondis&#8221; en su cuenta de X, las dos nuevas empresas pondr\u00edan en la calle cerca de 190 colectivos y se dividir\u00e1n los ramales.<\/p>\n\n\n\n<p>As\u00ed, los ramales a Solano ser\u00edan para una empresa, y los que van a Varela para la otra, pero toda la L\u00ednea seguir\u00e1 siendo la n\u00famero 148.<\/p>\n","protected":false},"excerpt":{"rendered":"<p>La empresa El Nuevo Halc\u00f3n, que administra la L\u00ednea de colectivos 148, ha dejado de&#8230;<\/p>\n","protected":false},"author":2,"featured_media":13003,"comment_status":"open","ping_status":"open","sticky":false,"template":"","format":"standard","meta":{"_jetpack_memberships_contains_paid_content":false,"footnotes":""},"categories":[450,6,996,3871,3],"tags":[3938,3818],"class_list":["post-15861","post","type-post","status-publish","format-standard","has-post-thumbnail","hentry","category-avellaneda","category-berazategui","category-caba","category-florencio-varela-2","category-nacion","tag-el-nuevo-halcon","tag-linea-148"],"jetpack_featured_media_url":"https:\/\/i0.wp.com\/realidadsur.com.ar\/wp-content\/uploads\/2025\/09\/Linea-148.jpg?fit=680%2C453&ssl=1","jetpack_sharing_enabled":true,"_links":{"self":[{"href":"https:\/\/realidadsur.com.ar\/index.php?rest_route=\/wp\/v2\/posts\/15861","targetHints":{"allow":["GET"]}}],"collection":[{"href":"https:\/\/realidadsur.com.ar\/index.php?rest_route=\/wp\/v2\/posts"}],"about":[{"href":"https:\/\/realidadsur.com.ar\/index.php?rest_route=\/wp\/v2\/types\/post"}],"author":[{"embeddable":true,"href":"https:\/\/realidadsur.com.ar\/index.php?rest_route=\/wp\/v2\/users\/2"}],"replies":[{"embeddable":true,"href":"https:\/\/realidadsur.com.ar\/index.php?rest_route=%2Fwp%2Fv2%2Fcomments&post=15861"}],"version-history":[{"count":1,"href":"https:\/\/realidadsur.com.ar\/index.php?rest_route=\/wp\/v2\/posts\/15861\/revisions"}],"predecessor-version":[{"id":15862,"href":"https:\/\/realidadsur.com.ar\/index.php?rest_route=\/wp\/v2\/posts\/15861\/revisions\/15862"}],"wp:featuredmedia":[{"embeddable":true,"href":"https:\/\/realidadsur.com.ar\/index.php?rest_route=\/wp\/v2\/media\/13003"}],"wp:attachment":[{"href":"https:\/\/realidadsur.com.ar\/index.php?rest_route=%2Fwp%2Fv2%2Fmedia&parent=15861"}],"wp:term":[{"taxonomy":"category","embeddable":true,"href":"https:\/\/realidadsur.com.ar\/index.php?rest_route=%2Fwp%2Fv2%2Fcategories&post=15861"},{"taxonomy":"post_tag","embeddable":true,"href":"https:\/\/realidadsur.com.ar\/index.php?rest_route=%2Fwp%2Fv2%2Ftags&post=15861"}],"curies":[{"name":"wp","href":"https:\/\/api.w.org\/{rel}","templated":true}]}}