{"id":15863,"date":"2026-03-06T13:33:43","date_gmt":"2026-03-06T16:33:43","guid":{"rendered":"https:\/\/realidadsur.com.ar\/?p=15863"},"modified":"2026-03-06T13:40:48","modified_gmt":"2026-03-06T16:40:48","slug":"la-cgt-presento-un-amparo-contra-la-reforma-laboral","status":"publish","type":"post","link":"https:\/\/realidadsur.com.ar\/?p=15863","title":{"rendered":"LA CGT PRESENT\u00d3 UN AMPARO CONTRA LA REFORMA LABORAL"},"content":{"rendered":"\n<p><\/p>\n\n\n\n<p>La c\u00fapula de la CGT present\u00f3 un amparo judicial ante el Juzgado Contencioso N\u00b07, a cargo de Enrique Lavie Pico. El planteo est\u00e1 firmado por el triunvirato de la CGT y por los l\u00edderes de los distintos sindicatos que forman parte de la central obrera.<\/p>\n\n\n\n<p>El lunes pasado la CGT march\u00f3 a Tribunales y present\u00f3 ante la Justicia un recurso para que se declare la inconstitucionalidad de la ley de reforma laboral, que hab\u00eda recibido sanci\u00f3n definitiva el en el Senado.<\/p>\n\n\n\n<p>\u201cLa mal llamada \u2018modernizaci\u00f3n\u2019 significa una afectaci\u00f3n grave de derechos colectivos e individuales, que violan expresamente principios constitucionales\u201d, se\u00f1al\u00f3 un texto de la CGT.<\/p>\n\n\n\n<p>Tambi\u00e9n considera que se viola el Principio Protectorio, basado en la \u201cdesigualdad estructural entre empleador y trabajador\u201d y orientado a restituir la equivalencia y evitar abusos sobre la parte m\u00e1s d\u00e9bil.<\/p>\n","protected":false},"excerpt":{"rendered":"<p>La c\u00fapula de la CGT present\u00f3 un amparo judicial ante el Juzgado Contencioso N\u00b07, a&#8230;<\/p>\n","protected":false},"author":2,"featured_media":15866,"comment_status":"open","ping_status":"open","sticky":false,"template":"","format":"standard","meta":{"_jetpack_memberships_contains_paid_content":false,"footnotes":""},"categories":[3],"tags":[1129,1825],"class_list":["post-15863","post","type-post","status-publish","format-standard","has-post-thumbnail","hentry","category-nacion","tag-cgt","tag-reforma-laboral"],"jetpack_featured_media_url":"https:\/\/i0.wp.com\/realidadsur.com.ar\/wp-content\/uploads\/2026\/03\/cgt.png?fit=900%2C916&ssl=1","jetpack_sharing_enabled":true,"_links":{"self":[{"href":"https:\/\/realidadsur.com.ar\/index.php?rest_route=\/wp\/v2\/posts\/15863","targetHints":{"allow":["GET"]}}],"collection":[{"href":"https:\/\/realidadsur.com.ar\/index.php?rest_route=\/wp\/v2\/posts"}],"about":[{"href":"https:\/\/realidadsur.com.ar\/index.php?rest_route=\/wp\/v2\/types\/post"}],"author":[{"embeddable":true,"href":"https:\/\/realidadsur.com.ar\/index.php?rest_route=\/wp\/v2\/users\/2"}],"replies":[{"embeddable":true,"href":"https:\/\/realidadsur.com.ar\/index.php?rest_route=%2Fwp%2Fv2%2Fcomments&post=15863"}],"version-history":[{"count":1,"href":"https:\/\/realidadsur.com.ar\/index.php?rest_route=\/wp\/v2\/posts\/15863\/revisions"}],"predecessor-version":[{"id":15864,"href":"https:\/\/realidadsur.com.ar\/index.php?rest_route=\/wp\/v2\/posts\/15863\/revisions\/15864"}],"wp:featuredmedia":[{"embeddable":true,"href":"https:\/\/realidadsur.com.ar\/index.php?rest_route=\/wp\/v2\/media\/15866"}],"wp:attachment":[{"href":"https:\/\/realidadsur.com.ar\/index.php?rest_route=%2Fwp%2Fv2%2Fmedia&parent=15863"}],"wp:term":[{"taxonomy":"category","embeddable":true,"href":"https:\/\/realidadsur.com.ar\/index.php?rest_route=%2Fwp%2Fv2%2Fcategories&post=15863"},{"taxonomy":"post_tag","embeddable":true,"href":"https:\/\/realidadsur.com.ar\/index.php?rest_route=%2Fwp%2Fv2%2Ftags&post=15863"}],"curies":[{"name":"wp","href":"https:\/\/api.w.org\/{rel}","templated":true}]}}