{"id":15876,"date":"2026-03-07T19:20:43","date_gmt":"2026-03-07T22:20:43","guid":{"rendered":"https:\/\/realidadsur.com.ar\/?p=15876"},"modified":"2026-03-07T19:20:45","modified_gmt":"2026-03-07T22:20:45","slug":"milei-ratifico-su-alianza-con-trump","status":"publish","type":"post","link":"https:\/\/realidadsur.com.ar\/?p=15876","title":{"rendered":"MILEI RATIFIC\u00d3 SU ALIANZA CON TRUMP"},"content":{"rendered":"\n<p>El presidente Javier Milei particip\u00f3 en la cumbre \u201cEscudo de las Am\u00e9ricas\u201d, celebrado en Florida, y reafirm\u00f3 su alianza pol\u00edtica con su par norteamericano Donald Trump.<\/p>\n\n\n\n<p>El Gobierno se\u00f1al\u00f3 que la cumbre, en la que participaron 12 mandatarios latinoamericanos, trabajar\u00e1 para &#8220;promover estrategias que frenen la interferencia extranjera en nuestro hemisferio, combatan el crimen organizado y el narcotr\u00e1fico, y den respuesta a la problem\u00e1tica de la inmigraci\u00f3n ilegal\u201d.<\/p>\n\n\n\n<p>A trav\u00e9s de sus redes, el Ejecutivo indic\u00f3 que el objetivo del \u201cEscudo de las Am\u00e9ricas\u201d es \u201cpromover la libertad, la seguridad y la prosperidad\u201d en el continente americano.<\/p>\n\n\n\n<p>La participaci\u00f3n del mandatario argentino ratifica su compromiso pol\u00edtico y el estrecho v\u00ednculo entre Argentina y Estads Unidos, que impulsa la agenda de la Casa Blanca. Milei se posiciona como un actor clave en la arquitectura de esta nueva coalici\u00f3n, reafirmando una sinton\u00eda pol\u00edtica que trasciende las fronteras nacionales.<\/p>\n","protected":false},"excerpt":{"rendered":"<p>El presidente Javier Milei particip\u00f3 en la cumbre \u201cEscudo de las Am\u00e9ricas\u201d, celebrado en Florida,&#8230;<\/p>\n","protected":false},"author":2,"featured_media":15877,"comment_status":"open","ping_status":"open","sticky":false,"template":"","format":"standard","meta":{"_jetpack_memberships_contains_paid_content":false,"footnotes":""},"categories":[3,3978],"tags":[2331,200],"class_list":["post-15876","post","type-post","status-publish","format-standard","has-post-thumbnail","hentry","category-nacion","category-politica","tag-donald-trump","tag-javier-milei"],"jetpack_featured_media_url":"https:\/\/i0.wp.com\/realidadsur.com.ar\/wp-content\/uploads\/2026\/03\/Milei-y-Trump.webp?fit=540%2C360&ssl=1","jetpack_sharing_enabled":true,"_links":{"self":[{"href":"https:\/\/realidadsur.com.ar\/index.php?rest_route=\/wp\/v2\/posts\/15876","targetHints":{"allow":["GET"]}}],"collection":[{"href":"https:\/\/realidadsur.com.ar\/index.php?rest_route=\/wp\/v2\/posts"}],"about":[{"href":"https:\/\/realidadsur.com.ar\/index.php?rest_route=\/wp\/v2\/types\/post"}],"author":[{"embeddable":true,"href":"https:\/\/realidadsur.com.ar\/index.php?rest_route=\/wp\/v2\/users\/2"}],"replies":[{"embeddable":true,"href":"https:\/\/realidadsur.com.ar\/index.php?rest_route=%2Fwp%2Fv2%2Fcomments&post=15876"}],"version-history":[{"count":1,"href":"https:\/\/realidadsur.com.ar\/index.php?rest_route=\/wp\/v2\/posts\/15876\/revisions"}],"predecessor-version":[{"id":15878,"href":"https:\/\/realidadsur.com.ar\/index.php?rest_route=\/wp\/v2\/posts\/15876\/revisions\/15878"}],"wp:featuredmedia":[{"embeddable":true,"href":"https:\/\/realidadsur.com.ar\/index.php?rest_route=\/wp\/v2\/media\/15877"}],"wp:attachment":[{"href":"https:\/\/realidadsur.com.ar\/index.php?rest_route=%2Fwp%2Fv2%2Fmedia&parent=15876"}],"wp:term":[{"taxonomy":"category","embeddable":true,"href":"https:\/\/realidadsur.com.ar\/index.php?rest_route=%2Fwp%2Fv2%2Fcategories&post=15876"},{"taxonomy":"post_tag","embeddable":true,"href":"https:\/\/realidadsur.com.ar\/index.php?rest_route=%2Fwp%2Fv2%2Ftags&post=15876"}],"curies":[{"name":"wp","href":"https:\/\/api.w.org\/{rel}","templated":true}]}}