{"id":15879,"date":"2026-03-07T19:34:06","date_gmt":"2026-03-07T22:34:06","guid":{"rendered":"https:\/\/realidadsur.com.ar\/?p=15879"},"modified":"2026-03-07T19:34:08","modified_gmt":"2026-03-07T22:34:08","slug":"berazategui-carlos-balor-encabezo-la-apertura-de-sesiones-del-concejo-deliberante","status":"publish","type":"post","link":"https:\/\/realidadsur.com.ar\/?p=15879","title":{"rendered":"BERAZATEGUI: CARLOS BALOR ENCABEZ\u00d3 LA APERTURA DE SESIONES DEL CONCEJO DELIBERANTE"},"content":{"rendered":"\n<p>El intendente de Berazategui, Carlos Balor, encabez\u00f3 la apertura del 53\u00b0 Per\u00edodo de Sesiones Ordinarias del Honorable Concejo Deliberante (HCD), donde present\u00f3 un balance integral de la gesti\u00f3n a trav\u00e9s de un formato innovador que combin\u00f3 su discurso con la proyecci\u00f3n de contenidos audiovisuales. Mediante esta modalidad, repas\u00f3 los principales ejes desarrollados durante 2025 y expuso los desaf\u00edos y proyectos previstos para este 2026, con el objetivo de seguir fortaleciendo el crecimiento y la calidad de vida en el distrito.<\/p>\n\n\n\n<p>\u201cEste es un momento muy especial para Berazategui y tambi\u00e9n para m\u00ed. El 2025 fue el \u00faltimo a\u00f1o de gesti\u00f3n del querido doctor Juan Jos\u00e9 Mussi, un Intendente que dej\u00f3 una huella profunda en esta ciudad, no solo por las obras realizadas, sino tambi\u00e9n por su forma de gobernar: con cercan\u00eda, con trabajo y con un profundo amor por su pueblo\u201d, arranc\u00f3 su discurso Carlos Balor.<\/p>\n\n\n\n<figure class=\"wp-block-image size-large\"><img data-recalc-dims=\"1\" loading=\"lazy\" decoding=\"async\" width=\"640\" height=\"426\" src=\"https:\/\/i0.wp.com\/realidadsur.com.ar\/wp-content\/uploads\/2026\/03\/Berazategui-Carlos-Balor-encabezo-la-Apertura-de-Sesiones-en-el-HCD-1-1024x682.jpg?resize=640%2C426&#038;ssl=1\" alt=\"\" class=\"wp-image-15880\" srcset=\"https:\/\/i0.wp.com\/realidadsur.com.ar\/wp-content\/uploads\/2026\/03\/Berazategui-Carlos-Balor-encabezo-la-Apertura-de-Sesiones-en-el-HCD-1.jpg?resize=1024%2C682&amp;ssl=1 1024w, https:\/\/i0.wp.com\/realidadsur.com.ar\/wp-content\/uploads\/2026\/03\/Berazategui-Carlos-Balor-encabezo-la-Apertura-de-Sesiones-en-el-HCD-1.jpg?resize=300%2C200&amp;ssl=1 300w, https:\/\/i0.wp.com\/realidadsur.com.ar\/wp-content\/uploads\/2026\/03\/Berazategui-Carlos-Balor-encabezo-la-Apertura-de-Sesiones-en-el-HCD-1.jpg?resize=768%2C512&amp;ssl=1 768w, https:\/\/i0.wp.com\/realidadsur.com.ar\/wp-content\/uploads\/2026\/03\/Berazategui-Carlos-Balor-encabezo-la-Apertura-de-Sesiones-en-el-HCD-1.jpg?resize=1536%2C1023&amp;ssl=1 1536w, https:\/\/i0.wp.com\/realidadsur.com.ar\/wp-content\/uploads\/2026\/03\/Berazategui-Carlos-Balor-encabezo-la-Apertura-de-Sesiones-en-el-HCD-1.jpg?w=1600&amp;ssl=1 1600w, https:\/\/i0.wp.com\/realidadsur.com.ar\/wp-content\/uploads\/2026\/03\/Berazategui-Carlos-Balor-encabezo-la-Apertura-de-Sesiones-en-el-HCD-1.jpg?w=1280 1280w\" sizes=\"auto, (max-width: 640px) 100vw, 640px\" \/><\/figure>\n\n\n\n<p>Adem\u00e1s, continu\u00f3: \u201cEl recorrido que compartimos no es solo un balance de n\u00fameros o de proyectos; es el reflejo de un modelo de ciudad que se construy\u00f3 durante a\u00f1os, con equipos de trabajadores municipales comprometidos y con miles de vecinos que acompa\u00f1an. Hoy me toca continuar ese camino, con la responsabilidad de cuidar lo que se hizo y con la promesa firme de seguir construyendo futuro para Berazategui\u201d.<\/p>\n\n\n\n<p>\u201cSin embargo, la gesti\u00f3n no se sostuvo s\u00f3lo en producci\u00f3n, servicios y desarrollo econ\u00f3mico\u201d, asegur\u00f3 el Intendente. \u201cTambi\u00e9n hubo una fuerte inversi\u00f3n en salud, en infraestructura, en pol\u00edticas sociales, en cultura y en integraci\u00f3n urbana. Cada \u00e1rea, cada Secretar\u00eda y cada trabajador municipal form\u00f3 parte de un mismo objetivo: estar presentes en cada barrio y dar respuestas concretas\u201d, afirm\u00f3.<\/p>\n\n\n\n<p>Tambi\u00e9n, expres\u00f3: \u201cTodo lo que vimos hoy es el resultado de una gesti\u00f3n que dej\u00f3 bases s\u00f3lidas, de equipos comprometidos y de una comunidad que nunca baja los brazos. Mi compromiso es honrar ese camino con trabajo, humildad y presencia en cada barrio. El 2026 empieza con una historia, una identidad y una planificaci\u00f3n que tiene continuidad. Juan Jos\u00e9 Mussi es nuestro gu\u00eda. Su forma de gobernar, su cercan\u00eda con la gente y su defensa permanente de Berazategui marcan el rumbo que vamos a seguir. Somos el equipo de Juan Jos\u00e9 Mussi. Es el equipo que viene trabajando hace a\u00f1os, que conoce cada barrio, cada instituci\u00f3n y cada necesidad. No empezamos de nuevo: continuamos un proyecto colectivo\u201d.<\/p>\n\n\n\n<p>\u201cQuiero agradecer especialmente al Gobierno de la provincia de Buenos Aires y a nuestro gobernador Axel Kicillof, por el acompa\u00f1amiento permanente, por la inversi\u00f3n en obras y por los programas que permiten que nuestra ciudad siga creciendo\u201d, destac\u00f3 Carlos Balor. Y agreg\u00f3: \u201cAgradezco tambi\u00e9n a cada trabajador municipal, a las instituciones, a las organizaciones sociales, culturales y deportivas&#8230; Y a cada vecino que aporta desde su lugar. Berazategui se construye todos los d\u00edas, con el esfuerzo de todos\u201d.<\/p>\n\n\n\n<p>Asimismo, el Intendente enfatiz\u00f3: \u201cQuiero dirigirme especialmente a los concejales de la oposici\u00f3n, que muchas veces acercan reclamos al Ejecutivo, y est\u00e1 bien que as\u00ed sea. Es parte del funcionamiento democr\u00e1tico y de la representaci\u00f3n de los vecinos. Pero nosotros tambi\u00e9n tenemos reclamos pendientes ante Organismos nacionales que hoy no est\u00e1n dando respuesta a demandas concretas de nuestra ciudad. Por eso, as\u00ed como tienen pedidos para que resolvamos desde el Municipio, les vamos a pedir que nos acompa\u00f1en a gestionar ante el Gobierno Nacional, para que esas soluciones tambi\u00e9n lleguen a Berazategui. Cuando se trata de nuestro municipio, no deber\u00eda haber diferencias partidarias: deber\u00eda haber responsabilidad compartida\u201d.<\/p>\n\n\n\n<p>\u201cMe gusta estar ac\u00e1; me gusta trabajar por esta ciudad y asumir esta responsabilidad. Lo que importa es que Berazategui siga creciendo y que nuestros vecinos vivan cada d\u00eda mejor. Sigamos trabajando unidos. En el coraz\u00f3n, siempre. En Berazategui, siempre. Juan Jos\u00e9 Mussi, siempre\u201d, finaliz\u00f3 Balor.<\/p>\n","protected":false},"excerpt":{"rendered":"<p>El intendente de Berazategui, Carlos Balor, encabez\u00f3 la apertura del 53\u00b0 Per\u00edodo de Sesiones Ordinarias&#8230;<\/p>\n","protected":false},"author":2,"featured_media":15881,"comment_status":"open","ping_status":"open","sticky":false,"template":"","format":"standard","meta":{"_jetpack_memberships_contains_paid_content":false,"footnotes":""},"categories":[6],"tags":[11,2476,9],"class_list":["post-15879","post","type-post","status-publish","format-standard","has-post-thumbnail","hentry","category-berazategui","tag-berazategui","tag-carlos-balor","tag-juan-jose-mussi"],"jetpack_featured_media_url":"https:\/\/i0.wp.com\/realidadsur.com.ar\/wp-content\/uploads\/2026\/03\/Berazategui-Carlos-Balor-encabezo-la-Apertura-de-Sesiones-en-el-HCD.jpg?fit=1600%2C1066&ssl=1","jetpack_sharing_enabled":true,"_links":{"self":[{"href":"https:\/\/realidadsur.com.ar\/index.php?rest_route=\/wp\/v2\/posts\/15879","targetHints":{"allow":["GET"]}}],"collection":[{"href":"https:\/\/realidadsur.com.ar\/index.php?rest_route=\/wp\/v2\/posts"}],"about":[{"href":"https:\/\/realidadsur.com.ar\/index.php?rest_route=\/wp\/v2\/types\/post"}],"author":[{"embeddable":true,"href":"https:\/\/realidadsur.com.ar\/index.php?rest_route=\/wp\/v2\/users\/2"}],"replies":[{"embeddable":true,"href":"https:\/\/realidadsur.com.ar\/index.php?rest_route=%2Fwp%2Fv2%2Fcomments&post=15879"}],"version-history":[{"count":1,"href":"https:\/\/realidadsur.com.ar\/index.php?rest_route=\/wp\/v2\/posts\/15879\/revisions"}],"predecessor-version":[{"id":15882,"href":"https:\/\/realidadsur.com.ar\/index.php?rest_route=\/wp\/v2\/posts\/15879\/revisions\/15882"}],"wp:featuredmedia":[{"embeddable":true,"href":"https:\/\/realidadsur.com.ar\/index.php?rest_route=\/wp\/v2\/media\/15881"}],"wp:attachment":[{"href":"https:\/\/realidadsur.com.ar\/index.php?rest_route=%2Fwp%2Fv2%2Fmedia&parent=15879"}],"wp:term":[{"taxonomy":"category","embeddable":true,"href":"https:\/\/realidadsur.com.ar\/index.php?rest_route=%2Fwp%2Fv2%2Fcategories&post=15879"},{"taxonomy":"post_tag","embeddable":true,"href":"https:\/\/realidadsur.com.ar\/index.php?rest_route=%2Fwp%2Fv2%2Ftags&post=15879"}],"curies":[{"name":"wp","href":"https:\/\/api.w.org\/{rel}","templated":true}]}}