{"id":15884,"date":"2026-03-07T19:49:49","date_gmt":"2026-03-07T22:49:49","guid":{"rendered":"https:\/\/realidadsur.com.ar\/?p=15884"},"modified":"2026-03-07T19:49:50","modified_gmt":"2026-03-07T22:49:50","slug":"exhibiciones-obscenas-una-mujer-fue-liberada-luego-de-apunalar-a-un-jubilado","status":"publish","type":"post","link":"https:\/\/realidadsur.com.ar\/?p=15884","title":{"rendered":"EXHIBICIONES OBSCENAS: UNA MUJER FUE LIBERADA LUEGO DE APU\u00d1ALAR A UN JUBILADO"},"content":{"rendered":"\n<p>La Justicia dispuso hoy la liberaci\u00f3n de la mujer que hab\u00eda sido detenida tras apu\u00f1alar a un jubilado en Tolosa, al considerar que hab\u00eda actuado en defensa de sus hijos, aunque continuar\u00e1 vinculada a la causa mientras avanza la investigaci\u00f3n.<\/p>\n\n\n\n<p>Se trata de Magal\u00ed Daniela Ojeda, de 28 a\u00f1os, quien hab\u00eda sido arrestada este viernes, luego de un violento episodio ocurrido en 523 entre 18 y 19, en la localidad de Tolosa, en las inmediaciones de La Plata.<\/p>\n\n\n\n<p>Durante la jornada de este s\u00e1bado la mujer declar\u00f3 ante la fiscal Cecilia Corfield, titular de la UFI N\u00b015 del Departamento Judicial La Plata, y tras escuchar su versi\u00f3n de los hechos, la funcionaria judicial no solicit\u00f3 la detenci\u00f3n, por lo que Ojeda recuper\u00f3 la libertad aunque sigue imputada por \u2018homicidio en grado de tentativa\u2019.<\/p>\n\n\n\n<p>La mujer relat\u00f3 que reaccion\u00f3 luego de encontrar a Genaro Benjam\u00edn D\u00edaz -de 68 a\u00f1os-, el hombre que result\u00f3 herido, realizando exhibiciones obscenas frente a sus hijos menores de edad. De acuerdo con las primeras averiguaciones, Ojeda alquilaba una habitaci\u00f3n en la vivienda del jubilado.<\/p>\n","protected":false},"excerpt":{"rendered":"<p>La Justicia dispuso hoy la liberaci\u00f3n de la mujer que hab\u00eda sido detenida tras apu\u00f1alar&#8230;<\/p>\n","protected":false},"author":2,"featured_media":15885,"comment_status":"open","ping_status":"open","sticky":false,"template":"","format":"standard","meta":{"_jetpack_memberships_contains_paid_content":false,"footnotes":""},"categories":[570],"tags":[181],"class_list":["post-15884","post","type-post","status-publish","format-standard","has-post-thumbnail","hentry","category-la-plata","tag-la-plata"],"jetpack_featured_media_url":"https:\/\/i0.wp.com\/realidadsur.com.ar\/wp-content\/uploads\/2026\/03\/La-justicia-considera-que-actuo-en-defensa-de-sus-hijos.webp?fit=1280%2C633&ssl=1","jetpack_sharing_enabled":true,"_links":{"self":[{"href":"https:\/\/realidadsur.com.ar\/index.php?rest_route=\/wp\/v2\/posts\/15884","targetHints":{"allow":["GET"]}}],"collection":[{"href":"https:\/\/realidadsur.com.ar\/index.php?rest_route=\/wp\/v2\/posts"}],"about":[{"href":"https:\/\/realidadsur.com.ar\/index.php?rest_route=\/wp\/v2\/types\/post"}],"author":[{"embeddable":true,"href":"https:\/\/realidadsur.com.ar\/index.php?rest_route=\/wp\/v2\/users\/2"}],"replies":[{"embeddable":true,"href":"https:\/\/realidadsur.com.ar\/index.php?rest_route=%2Fwp%2Fv2%2Fcomments&post=15884"}],"version-history":[{"count":1,"href":"https:\/\/realidadsur.com.ar\/index.php?rest_route=\/wp\/v2\/posts\/15884\/revisions"}],"predecessor-version":[{"id":15886,"href":"https:\/\/realidadsur.com.ar\/index.php?rest_route=\/wp\/v2\/posts\/15884\/revisions\/15886"}],"wp:featuredmedia":[{"embeddable":true,"href":"https:\/\/realidadsur.com.ar\/index.php?rest_route=\/wp\/v2\/media\/15885"}],"wp:attachment":[{"href":"https:\/\/realidadsur.com.ar\/index.php?rest_route=%2Fwp%2Fv2%2Fmedia&parent=15884"}],"wp:term":[{"taxonomy":"category","embeddable":true,"href":"https:\/\/realidadsur.com.ar\/index.php?rest_route=%2Fwp%2Fv2%2Fcategories&post=15884"},{"taxonomy":"post_tag","embeddable":true,"href":"https:\/\/realidadsur.com.ar\/index.php?rest_route=%2Fwp%2Fv2%2Ftags&post=15884"}],"curies":[{"name":"wp","href":"https:\/\/api.w.org\/{rel}","templated":true}]}}