{"id":15901,"date":"2026-03-09T15:49:24","date_gmt":"2026-03-09T18:49:24","guid":{"rendered":"https:\/\/realidadsur.com.ar\/?p=15901"},"modified":"2026-03-09T15:49:26","modified_gmt":"2026-03-09T18:49:26","slug":"la-empresa-que-fabrica-los-preservativos-tulipan-despide-220-trabajadores","status":"publish","type":"post","link":"https:\/\/realidadsur.com.ar\/?p=15901","title":{"rendered":"LA EMPRESA QUE FABRICA LOS PRESERVATIVOS TULIPAN DESPIDE 220 TRABAJADORES"},"content":{"rendered":"\n<p><\/p>\n\n\n\n<p>La empresa que opera la marca de preservativos Tulip\u00e1n redujo en m\u00e1s de 60 por ciento su planta de empleados por la contracci\u00f3n del consumo. Se pas\u00f3 de 355 a 135 trabajadores directos, lo que se traduce en una p\u00e9rdida de 220 empleos.<\/p>\n\n\n\n<p>Felipe Kopelowicz, gerente general de Kopelco S.A., la empresa que fabrica los preservativos, atribuy\u00f3 la medida a una marcada contracci\u00f3n del consumo interno, con ca\u00eddas de ventas de hasta el 50 por ciento en algunos segmentos productivos de la empresa, especialmente en art\u00edculos de mano de obra intensiva como el\u00e1sticos para indumentaria, globos y otros productos textiles.<\/p>\n\n\n\n<p>\u201cTenemos ca\u00eddas de ventas de hasta el 50% en algunos rubros. Nunca viv\u00ed una cosa as\u00ed\u201d, agreg\u00f3 Kopelowicz.<\/p>\n","protected":false},"excerpt":{"rendered":"<p>La empresa que opera la marca de preservativos Tulip\u00e1n redujo en m\u00e1s de 60 por&#8230;<\/p>\n","protected":false},"author":2,"featured_media":15902,"comment_status":"open","ping_status":"open","sticky":false,"template":"","format":"standard","meta":{"_jetpack_memberships_contains_paid_content":false,"footnotes":""},"categories":[3823,3],"tags":[1812],"class_list":["post-15901","post","type-post","status-publish","format-standard","has-post-thumbnail","hentry","category-economia","category-nacion","tag-despidos"],"jetpack_featured_media_url":"https:\/\/i0.wp.com\/realidadsur.com.ar\/wp-content\/uploads\/2026\/03\/Despidio-al-60-por-ciento-de-sus-empleados.jpg?fit=297%2C170&ssl=1","jetpack_sharing_enabled":true,"_links":{"self":[{"href":"https:\/\/realidadsur.com.ar\/index.php?rest_route=\/wp\/v2\/posts\/15901","targetHints":{"allow":["GET"]}}],"collection":[{"href":"https:\/\/realidadsur.com.ar\/index.php?rest_route=\/wp\/v2\/posts"}],"about":[{"href":"https:\/\/realidadsur.com.ar\/index.php?rest_route=\/wp\/v2\/types\/post"}],"author":[{"embeddable":true,"href":"https:\/\/realidadsur.com.ar\/index.php?rest_route=\/wp\/v2\/users\/2"}],"replies":[{"embeddable":true,"href":"https:\/\/realidadsur.com.ar\/index.php?rest_route=%2Fwp%2Fv2%2Fcomments&post=15901"}],"version-history":[{"count":1,"href":"https:\/\/realidadsur.com.ar\/index.php?rest_route=\/wp\/v2\/posts\/15901\/revisions"}],"predecessor-version":[{"id":15903,"href":"https:\/\/realidadsur.com.ar\/index.php?rest_route=\/wp\/v2\/posts\/15901\/revisions\/15903"}],"wp:featuredmedia":[{"embeddable":true,"href":"https:\/\/realidadsur.com.ar\/index.php?rest_route=\/wp\/v2\/media\/15902"}],"wp:attachment":[{"href":"https:\/\/realidadsur.com.ar\/index.php?rest_route=%2Fwp%2Fv2%2Fmedia&parent=15901"}],"wp:term":[{"taxonomy":"category","embeddable":true,"href":"https:\/\/realidadsur.com.ar\/index.php?rest_route=%2Fwp%2Fv2%2Fcategories&post=15901"},{"taxonomy":"post_tag","embeddable":true,"href":"https:\/\/realidadsur.com.ar\/index.php?rest_route=%2Fwp%2Fv2%2Ftags&post=15901"}],"curies":[{"name":"wp","href":"https:\/\/api.w.org\/{rel}","templated":true}]}}