{"id":15905,"date":"2026-03-09T21:33:19","date_gmt":"2026-03-10T00:33:19","guid":{"rendered":"https:\/\/realidadsur.com.ar\/?p=15905"},"modified":"2026-03-09T21:33:21","modified_gmt":"2026-03-10T00:33:21","slug":"se-desarrollo-la-marcha-del-ni-una-menos","status":"publish","type":"post","link":"https:\/\/realidadsur.com.ar\/?p=15905","title":{"rendered":"SE DESARROLL\u00d3 LA MARCHA DEL &#8220;NI UNA MENOS&#8221;"},"content":{"rendered":"\n<p>El colectivo \u2018Ni Una Menos\u2019 fue el que impuls\u00f3 la convocatoria por el D\u00eda Internacional de la Mujer Trabajadora, a la que se sumaron la CGT y las dos CTA (de los Trabajadores y Aut\u00f3noma); la agrupaci\u00f3n feminista de izquierda Pan y Rosas, integrada por la diputada nacional (FIT) Myriam Bregman; y la Campa\u00f1a Nacional por el Derecho al Aborto Legal, Seguro y Gratuito (que participa como parte de organizaciones feministas tradicionales), entre otras.<\/p>\n\n\n\n<p>La concentraci\u00f3n principal parti\u00f3 del Congreso Nacional hacia la Plaza de Mayo, en la Ciudad de Buenos Aires, a partir de las 16.30.<\/p>\n\n\n\n<p>La jornada federal se replic\u00f3 en las provincias de Tucum\u00e1n (Plaza Independencia), Entre R\u00edos (en El Reloj, Paran\u00e1) y en la ciudad balnearia de Mar del Plata (centro).<\/p>\n\n\n\n<p>La iniciativa tuvo como objetivo central los mismos reclamos que embanderan la fecha hace m\u00e1s de 10 a\u00f1os, como es la lucha contra la violencia machista, la brecha salarial, la precarizaci\u00f3n laboral y la defensa de los derechos alcanzados, ante posibles retrocesos con los que amenaza el Gobierno Nacional.<\/p>\n\n\n\n<p>Un grupo de manifestantes con banderas de La C\u00e1mpora se desvi\u00f3 hacia el departamento de la ex presidenta Cristina Kirchner en el barrio de Constituci\u00f3n, donde la ex mandataria sali\u00f3 al balc\u00f3n a saludar.<\/p>\n","protected":false},"excerpt":{"rendered":"<p>El colectivo \u2018Ni Una Menos\u2019 fue el que impuls\u00f3 la convocatoria por el D\u00eda Internacional&#8230;<\/p>\n","protected":false},"author":2,"featured_media":15906,"comment_status":"open","ping_status":"open","sticky":false,"template":"","format":"standard","meta":{"_jetpack_memberships_contains_paid_content":false,"footnotes":""},"categories":[3,3978],"tags":[4207],"class_list":["post-15905","post","type-post","status-publish","format-standard","has-post-thumbnail","hentry","category-nacion","category-politica","tag-ni-una-menos"],"jetpack_featured_media_url":"https:\/\/i0.wp.com\/realidadsur.com.ar\/wp-content\/uploads\/2026\/03\/image-2.png?fit=649%2C440&ssl=1","jetpack_sharing_enabled":true,"_links":{"self":[{"href":"https:\/\/realidadsur.com.ar\/index.php?rest_route=\/wp\/v2\/posts\/15905","targetHints":{"allow":["GET"]}}],"collection":[{"href":"https:\/\/realidadsur.com.ar\/index.php?rest_route=\/wp\/v2\/posts"}],"about":[{"href":"https:\/\/realidadsur.com.ar\/index.php?rest_route=\/wp\/v2\/types\/post"}],"author":[{"embeddable":true,"href":"https:\/\/realidadsur.com.ar\/index.php?rest_route=\/wp\/v2\/users\/2"}],"replies":[{"embeddable":true,"href":"https:\/\/realidadsur.com.ar\/index.php?rest_route=%2Fwp%2Fv2%2Fcomments&post=15905"}],"version-history":[{"count":1,"href":"https:\/\/realidadsur.com.ar\/index.php?rest_route=\/wp\/v2\/posts\/15905\/revisions"}],"predecessor-version":[{"id":15907,"href":"https:\/\/realidadsur.com.ar\/index.php?rest_route=\/wp\/v2\/posts\/15905\/revisions\/15907"}],"wp:featuredmedia":[{"embeddable":true,"href":"https:\/\/realidadsur.com.ar\/index.php?rest_route=\/wp\/v2\/media\/15906"}],"wp:attachment":[{"href":"https:\/\/realidadsur.com.ar\/index.php?rest_route=%2Fwp%2Fv2%2Fmedia&parent=15905"}],"wp:term":[{"taxonomy":"category","embeddable":true,"href":"https:\/\/realidadsur.com.ar\/index.php?rest_route=%2Fwp%2Fv2%2Fcategories&post=15905"},{"taxonomy":"post_tag","embeddable":true,"href":"https:\/\/realidadsur.com.ar\/index.php?rest_route=%2Fwp%2Fv2%2Ftags&post=15905"}],"curies":[{"name":"wp","href":"https:\/\/api.w.org\/{rel}","templated":true}]}}