{"id":15912,"date":"2026-03-10T15:30:41","date_gmt":"2026-03-10T18:30:41","guid":{"rendered":"https:\/\/realidadsur.com.ar\/?p=15912"},"modified":"2026-03-10T15:30:42","modified_gmt":"2026-03-10T18:30:42","slug":"enterate-quienes-trabajaran-en-el-proximo-fin-de-semana-largo","status":"publish","type":"post","link":"https:\/\/realidadsur.com.ar\/?p=15912","title":{"rendered":"ENTERATE QUI\u00c9NES TRABAJAR\u00c1N EN EL PR\u00d3XIMO FIN DE SEMANA LARGO"},"content":{"rendered":"\n<p>Pocos d\u00edas faltan para el pr\u00f3ximo fin de semana largo en la Argentina donde se estableci\u00f3 que el descanso dure cuatro d\u00edas, aunque muchos no podr\u00e1n ser beneficiados.<\/p>\n\n\n\n<p>El cronograma establecido por el gobierno nacional indica que el fin de semana extra largo ser\u00e1 el s\u00e1bado 21, domingo 22, lunes 23 y martes 24 de marzo.<\/p>\n\n\n\n<p>Aun as\u00ed, el lunes 23 fue declarado d\u00eda no laborable con fines tur\u00edsticos, por lo que muchos empleadores deciden que sus empleados trabajen debido a que no existe ninguna obligaci\u00f3n, sumado a que tampoco cobrar\u00e1n doble.<\/p>\n\n\n\n<p>Caso contrario sucede con el 24 de marzo, d\u00eda en el que s\u00ed es feriado inamovible por el D\u00eda Nacional de la Memoria por la Verdad y la Justicia. En este sentido, si tu empleador dicta a que trabajes, deber\u00e1 pagarte el doble.<\/p>\n","protected":false},"excerpt":{"rendered":"<p>Pocos d\u00edas faltan para el pr\u00f3ximo fin de semana largo en la Argentina donde se&#8230;<\/p>\n","protected":false},"author":2,"featured_media":15913,"comment_status":"open","ping_status":"open","sticky":false,"template":"","format":"standard","meta":{"_jetpack_memberships_contains_paid_content":false,"footnotes":""},"categories":[8],"tags":[934],"class_list":["post-15912","post","type-post","status-publish","format-standard","has-post-thumbnail","hentry","category-interes-general","tag-feriado"],"jetpack_featured_media_url":"https:\/\/i0.wp.com\/realidadsur.com.ar\/wp-content\/uploads\/2026\/03\/Sera-en-este-mes.jpg?fit=1000%2C600&ssl=1","jetpack_sharing_enabled":true,"_links":{"self":[{"href":"https:\/\/realidadsur.com.ar\/index.php?rest_route=\/wp\/v2\/posts\/15912","targetHints":{"allow":["GET"]}}],"collection":[{"href":"https:\/\/realidadsur.com.ar\/index.php?rest_route=\/wp\/v2\/posts"}],"about":[{"href":"https:\/\/realidadsur.com.ar\/index.php?rest_route=\/wp\/v2\/types\/post"}],"author":[{"embeddable":true,"href":"https:\/\/realidadsur.com.ar\/index.php?rest_route=\/wp\/v2\/users\/2"}],"replies":[{"embeddable":true,"href":"https:\/\/realidadsur.com.ar\/index.php?rest_route=%2Fwp%2Fv2%2Fcomments&post=15912"}],"version-history":[{"count":1,"href":"https:\/\/realidadsur.com.ar\/index.php?rest_route=\/wp\/v2\/posts\/15912\/revisions"}],"predecessor-version":[{"id":15914,"href":"https:\/\/realidadsur.com.ar\/index.php?rest_route=\/wp\/v2\/posts\/15912\/revisions\/15914"}],"wp:featuredmedia":[{"embeddable":true,"href":"https:\/\/realidadsur.com.ar\/index.php?rest_route=\/wp\/v2\/media\/15913"}],"wp:attachment":[{"href":"https:\/\/realidadsur.com.ar\/index.php?rest_route=%2Fwp%2Fv2%2Fmedia&parent=15912"}],"wp:term":[{"taxonomy":"category","embeddable":true,"href":"https:\/\/realidadsur.com.ar\/index.php?rest_route=%2Fwp%2Fv2%2Fcategories&post=15912"},{"taxonomy":"post_tag","embeddable":true,"href":"https:\/\/realidadsur.com.ar\/index.php?rest_route=%2Fwp%2Fv2%2Ftags&post=15912"}],"curies":[{"name":"wp","href":"https:\/\/api.w.org\/{rel}","templated":true}]}}