{"id":15916,"date":"2026-03-10T15:44:07","date_gmt":"2026-03-10T18:44:07","guid":{"rendered":"https:\/\/realidadsur.com.ar\/?p=15916"},"modified":"2026-03-10T15:45:00","modified_gmt":"2026-03-10T18:45:00","slug":"nuevos-ataques-de-milei-a-empresarios-argentinos","status":"publish","type":"post","link":"https:\/\/realidadsur.com.ar\/?p=15916","title":{"rendered":"NUEVOS ATAQUES DE MILEI A EMPRESARIOS ARGENTINOS"},"content":{"rendered":"\n<p>El presidente Javier Milei calific\u00f3 a Paolo Rocca, CEO de Techint, y a Javier Madanes Quintanilla, due\u00f1o de Fate, como \u201cempresarios prebendarios\u201d. As\u00ed lo expres\u00f3 durante la inauguraci\u00f3n de la Argentina Week, en Nueva York.<\/p>\n\n\n\n<p>\u201cTenemos gente mala, pero adem\u00e1s creativa para el mal. Todos saben que en las \u00faltimas semanas tuve confrontaciones abiertas con Paolo Rocca, con Javier Madanes Quintanilla y con el sector textil, pero como nadie me puso una cara visible, no puedo atacar de manera directa. Lo que puedo decir que los otros dos son empresarios prebendarios\u201d, sentenci\u00f3 el mandatario.<\/p>\n\n\n\n<p>En la misma l\u00ednea, plante\u00f3: \u201cRocca, Madanes, en connivencia con pol\u00edticos ladrones atacaron a muchos argentinos, pero se termin\u00f3. Se termin\u00f3 la pol\u00edtica corrupta. \u00bfQui\u00e9n est\u00e1 a favor de la corrupci\u00f3n? Es inc\u00f3modo hacer estas preguntas, pero estoy dispuesto a hacerlo por una Argentina mejor\u201d.<\/p>\n\n\n\n<p>Por su parte, defendi\u00f3 su pol\u00edtica de apertura de importaciones en beneficio de \u201cmillones de argentinos\u201d y en detrimento de los intereses de los empresarios mencionados. \u201cHay un problema asignativo. Est\u00e1n distorsionando los precios relativos, produciendo algo que no deber\u00eda. Si abren, ahora van a poder comprar a 100. Es cierto que ese sector va a ir a p\u00e9rdida, si no se reconvierte, y desaparece\u201d, alert\u00f3.<\/p>\n\n\n\n<p>\u201cAl margen de que dicho empresario haya apretado al Gobierno con que si no le corr\u00edamos las barreras iba a tirara a 900 trabajadores en la calle\u201d, plante\u00f3 y complet\u00f3: \u201cUn d\u00eda antes de que la reforma laboral sea tratada en el Congreso nos tir\u00f3 a los 900 trabajadores en la calle. No es un juego de ni\u00f1os. Lo que va a ocurrir es que las personas ahora van a ahorrar y van a poder gastarlos en distintos sectores de la econom\u00eda&#8221;.<\/p>\n\n\n\n<p>Asimismo, remarc\u00f3: \u201cSi es tan evidente, entonces por qu\u00e9 hay un pol\u00edtico que defiende esto. Es l\u00f3gico: es corrupci\u00f3n. Sostienen ese sistema porque sostiene la corrupci\u00f3n. Los Kirchner cuando insultaban a Rocca no lo insultaban porque lo odiaran sino porque negociaban la coima\u201d.<\/p>\n","protected":false},"excerpt":{"rendered":"<p>El presidente Javier Milei calific\u00f3 a Paolo Rocca, CEO de Techint, y a Javier Madanes&#8230;<\/p>\n","protected":false},"author":2,"featured_media":15917,"comment_status":"open","ping_status":"open","sticky":false,"template":"","format":"standard","meta":{"_jetpack_memberships_contains_paid_content":false,"footnotes":""},"categories":[3,3978],"tags":[4215,200,4214],"class_list":["post-15916","post","type-post","status-publish","format-standard","has-post-thumbnail","hentry","category-nacion","category-politica","tag-javier-madanes-quintanilla","tag-javier-milei","tag-paolo-rocca"],"jetpack_featured_media_url":"https:\/\/i0.wp.com\/realidadsur.com.ar\/wp-content\/uploads\/2026\/03\/Milei-en-Argentina-Week-2026.webp?fit=1080%2C720&ssl=1","jetpack_sharing_enabled":true,"_links":{"self":[{"href":"https:\/\/realidadsur.com.ar\/index.php?rest_route=\/wp\/v2\/posts\/15916","targetHints":{"allow":["GET"]}}],"collection":[{"href":"https:\/\/realidadsur.com.ar\/index.php?rest_route=\/wp\/v2\/posts"}],"about":[{"href":"https:\/\/realidadsur.com.ar\/index.php?rest_route=\/wp\/v2\/types\/post"}],"author":[{"embeddable":true,"href":"https:\/\/realidadsur.com.ar\/index.php?rest_route=\/wp\/v2\/users\/2"}],"replies":[{"embeddable":true,"href":"https:\/\/realidadsur.com.ar\/index.php?rest_route=%2Fwp%2Fv2%2Fcomments&post=15916"}],"version-history":[{"count":2,"href":"https:\/\/realidadsur.com.ar\/index.php?rest_route=\/wp\/v2\/posts\/15916\/revisions"}],"predecessor-version":[{"id":15920,"href":"https:\/\/realidadsur.com.ar\/index.php?rest_route=\/wp\/v2\/posts\/15916\/revisions\/15920"}],"wp:featuredmedia":[{"embeddable":true,"href":"https:\/\/realidadsur.com.ar\/index.php?rest_route=\/wp\/v2\/media\/15917"}],"wp:attachment":[{"href":"https:\/\/realidadsur.com.ar\/index.php?rest_route=%2Fwp%2Fv2%2Fmedia&parent=15916"}],"wp:term":[{"taxonomy":"category","embeddable":true,"href":"https:\/\/realidadsur.com.ar\/index.php?rest_route=%2Fwp%2Fv2%2Fcategories&post=15916"},{"taxonomy":"post_tag","embeddable":true,"href":"https:\/\/realidadsur.com.ar\/index.php?rest_route=%2Fwp%2Fv2%2Ftags&post=15916"}],"curies":[{"name":"wp","href":"https:\/\/api.w.org\/{rel}","templated":true}]}}