{"id":15922,"date":"2026-03-10T16:51:25","date_gmt":"2026-03-10T19:51:25","guid":{"rendered":"https:\/\/realidadsur.com.ar\/?p=15922"},"modified":"2026-03-10T16:51:27","modified_gmt":"2026-03-10T19:51:27","slug":"concedieron-la-prision-domiciliaria-a-morena-rial","status":"publish","type":"post","link":"https:\/\/realidadsur.com.ar\/?p=15922","title":{"rendered":"CONCEDIERON LA PRISI\u00d3N DOMICILIARIA A MORENA RIAL"},"content":{"rendered":"\n<p>La influencer Morena Rial fue beneficiada con la prisi\u00f3n domiciliaria en la causa que se la acusa por cometer supuestos robos en el Conurbano bonaerense, seg\u00fan informaron fuentes del caso.<\/p>\n\n\n\n<p>La mujer, hija del periodista Jorge Rial, hab\u00eda vuelto a ser detenida por orden judicial tras incumplir las condiciones que le hab\u00edan permitido seguir el proceso en libertad. Hab\u00eda sido excarcelada en marzo despu\u00e9s de admitir su participaci\u00f3n en un robo cometido en la localidad bonaerense de Villa Adelina.<\/p>\n\n\n\n<p>La detenci\u00f3n se hab\u00eda concretado en un departamento de la calle Antezana al 500, en el barrio porte\u00f1o de Caballito, donde Rial resid\u00eda. La medida hab\u00eda sido dispuesta por el fiscal general adjunto de San Isidro, Patricio Ferrari, quien hab\u00eda solicitado que se revoque la excarcelaci\u00f3n extraordinaria concedida en marzo de 2025, en los t\u00e9rminos del art\u00edculo 189 del C\u00f3digo Procesal Penal.<\/p>\n","protected":false},"excerpt":{"rendered":"<p>La influencer Morena Rial fue beneficiada con la prisi\u00f3n domiciliaria en la causa que se&#8230;<\/p>\n","protected":false},"author":2,"featured_media":15923,"comment_status":"open","ping_status":"open","sticky":false,"template":"","format":"standard","meta":{"_jetpack_memberships_contains_paid_content":false,"footnotes":""},"categories":[8,3976],"tags":[2451],"class_list":["post-15922","post","type-post","status-publish","format-standard","has-post-thumbnail","hentry","category-interes-general","category-policiales","tag-morena-rial"],"jetpack_featured_media_url":"https:\/\/i0.wp.com\/realidadsur.com.ar\/wp-content\/uploads\/2026\/03\/La-influencer-tiene-27-anos-de-edad.jpg?fit=630%2C353&ssl=1","jetpack_sharing_enabled":true,"_links":{"self":[{"href":"https:\/\/realidadsur.com.ar\/index.php?rest_route=\/wp\/v2\/posts\/15922","targetHints":{"allow":["GET"]}}],"collection":[{"href":"https:\/\/realidadsur.com.ar\/index.php?rest_route=\/wp\/v2\/posts"}],"about":[{"href":"https:\/\/realidadsur.com.ar\/index.php?rest_route=\/wp\/v2\/types\/post"}],"author":[{"embeddable":true,"href":"https:\/\/realidadsur.com.ar\/index.php?rest_route=\/wp\/v2\/users\/2"}],"replies":[{"embeddable":true,"href":"https:\/\/realidadsur.com.ar\/index.php?rest_route=%2Fwp%2Fv2%2Fcomments&post=15922"}],"version-history":[{"count":1,"href":"https:\/\/realidadsur.com.ar\/index.php?rest_route=\/wp\/v2\/posts\/15922\/revisions"}],"predecessor-version":[{"id":15924,"href":"https:\/\/realidadsur.com.ar\/index.php?rest_route=\/wp\/v2\/posts\/15922\/revisions\/15924"}],"wp:featuredmedia":[{"embeddable":true,"href":"https:\/\/realidadsur.com.ar\/index.php?rest_route=\/wp\/v2\/media\/15923"}],"wp:attachment":[{"href":"https:\/\/realidadsur.com.ar\/index.php?rest_route=%2Fwp%2Fv2%2Fmedia&parent=15922"}],"wp:term":[{"taxonomy":"category","embeddable":true,"href":"https:\/\/realidadsur.com.ar\/index.php?rest_route=%2Fwp%2Fv2%2Fcategories&post=15922"},{"taxonomy":"post_tag","embeddable":true,"href":"https:\/\/realidadsur.com.ar\/index.php?rest_route=%2Fwp%2Fv2%2Ftags&post=15922"}],"curies":[{"name":"wp","href":"https:\/\/api.w.org\/{rel}","templated":true}]}}