{"id":15932,"date":"2026-03-11T17:30:39","date_gmt":"2026-03-11T20:30:39","guid":{"rendered":"https:\/\/realidadsur.com.ar\/?p=15932"},"modified":"2026-03-11T17:30:41","modified_gmt":"2026-03-11T20:30:41","slug":"el-abogado-de-tapia-insinuo-un-arreglo-con-karina-milei-y-ella-le-respondio","status":"publish","type":"post","link":"https:\/\/realidadsur.com.ar\/?p=15932","title":{"rendered":"EL ABOGADO DE TAPIA INSINU\u00d3 UN ARREGLO CON KARINA MILEI Y ELLA LE RESPONDI\u00d3"},"content":{"rendered":"\n<p>El abogado de la AFA Gregorio Dalb\u00f3n dijo que la causa por presunta evasi\u00f3n en la Asociaci\u00f3n del F\u00fatbol Argentino (AFA) es pol\u00edtica y afirm\u00f3 que se resolver\u00e1 con la secretaria General de la Presidencia, Karina Milei.<\/p>\n\n\n\n<p>Adem\u00e1s, Dalb\u00f3n asegur\u00f3 que la embestida contra Toviggino y el presidente de la AFA, Claudio Tapia, se enmarca en el deseo, seg\u00fan expres\u00f3 el letrado, del asesor presidencial Santiago Caputo de &#8220;quedarse&#8221; con la entidad madre del f\u00fatbol.<\/p>\n\n\n\n<p>Por su parte, Karina Milei le respondi\u00f3 este mi\u00e9rcoles al abogado y sostuvo que si en esa asociaci\u00f3n son culpables &#8220;tendr\u00e1n que pagar con todo el peso de la ley\u201d.<\/p>\n\n\n\n<p>\u201cConmigo ustedes no tienen nada que arreglar. Est\u00e1n en manos de la Justicia\u201d, expres\u00f3 la funcionaria desde sus redes sociales.<\/p>\n","protected":false},"excerpt":{"rendered":"<p>El abogado de la AFA Gregorio Dalb\u00f3n dijo que la causa por presunta evasi\u00f3n en&#8230;<\/p>\n","protected":false},"author":2,"featured_media":15933,"comment_status":"open","ping_status":"open","sticky":false,"template":"","format":"standard","meta":{"_jetpack_memberships_contains_paid_content":false,"footnotes":""},"categories":[3970,3,3978],"tags":[2872,1241],"class_list":["post-15932","post","type-post","status-publish","format-standard","has-post-thumbnail","hentry","category-deportes","category-nacion","category-politica","tag-claudio-chiqui-tapia-2","tag-karina-milei"],"jetpack_featured_media_url":"https:\/\/realidadsur.com.ar\/wp-content\/uploads\/2026\/03\/La-hermana-del-Presidente-supo-concurrir-a-un-acto-con-Tapia.avif","jetpack_sharing_enabled":true,"_links":{"self":[{"href":"https:\/\/realidadsur.com.ar\/index.php?rest_route=\/wp\/v2\/posts\/15932","targetHints":{"allow":["GET"]}}],"collection":[{"href":"https:\/\/realidadsur.com.ar\/index.php?rest_route=\/wp\/v2\/posts"}],"about":[{"href":"https:\/\/realidadsur.com.ar\/index.php?rest_route=\/wp\/v2\/types\/post"}],"author":[{"embeddable":true,"href":"https:\/\/realidadsur.com.ar\/index.php?rest_route=\/wp\/v2\/users\/2"}],"replies":[{"embeddable":true,"href":"https:\/\/realidadsur.com.ar\/index.php?rest_route=%2Fwp%2Fv2%2Fcomments&post=15932"}],"version-history":[{"count":1,"href":"https:\/\/realidadsur.com.ar\/index.php?rest_route=\/wp\/v2\/posts\/15932\/revisions"}],"predecessor-version":[{"id":15934,"href":"https:\/\/realidadsur.com.ar\/index.php?rest_route=\/wp\/v2\/posts\/15932\/revisions\/15934"}],"wp:featuredmedia":[{"embeddable":true,"href":"https:\/\/realidadsur.com.ar\/index.php?rest_route=\/wp\/v2\/media\/15933"}],"wp:attachment":[{"href":"https:\/\/realidadsur.com.ar\/index.php?rest_route=%2Fwp%2Fv2%2Fmedia&parent=15932"}],"wp:term":[{"taxonomy":"category","embeddable":true,"href":"https:\/\/realidadsur.com.ar\/index.php?rest_route=%2Fwp%2Fv2%2Fcategories&post=15932"},{"taxonomy":"post_tag","embeddable":true,"href":"https:\/\/realidadsur.com.ar\/index.php?rest_route=%2Fwp%2Fv2%2Ftags&post=15932"}],"curies":[{"name":"wp","href":"https:\/\/api.w.org\/{rel}","templated":true}]}}