{"id":15935,"date":"2026-03-11T17:41:12","date_gmt":"2026-03-11T20:41:12","guid":{"rendered":"https:\/\/realidadsur.com.ar\/?p=15935"},"modified":"2026-03-11T17:41:14","modified_gmt":"2026-03-11T20:41:14","slug":"el-ironico-posteo-de-victoria-villarruel-por-el-viaje-de-la-esposa-de-adorni","status":"publish","type":"post","link":"https:\/\/realidadsur.com.ar\/?p=15935","title":{"rendered":"EL IR\u00d3NICO POSTEO DE VICTORIA VILLARRUEL POR EL VIAJE DE LA ESPOSA DE ADORNI"},"content":{"rendered":"\n<p>La vicepresidenta de la Naci\u00f3n, Victoria Villarruel, difundi\u00f3 una publicaci\u00f3n donde varios de sus seguidores se manifestaron en contra del jefe de Gabinete, Manuel Adorni, con el objetivo de distanciarse, una vez m\u00e1s, del Gobierno Nacional.<\/p>\n\n\n\n<p>\u201c\u00c9l mismo aclar\u00f3 (por Adorni) que Villarruel no es parte de esto\u201d, aseguraba una de las frases para remarcar la diferencia entre la vicepresidenta y el resto del Gabinete.<\/p>\n\n\n\n<p>\u201cAdorni dijo que fue con su mujer a Estados Unidos porque su trabajo \u2018es muy sacrificado\u2019. Chau, me voy a la m\u2026..\u201d, afirma uno de los mensajes, mientras que el otro record\u00f3 que \u201cmenos mal que el ajuste lo iba a pagar la pol\u00edtica\u201d.<\/p>\n\n\n\n<p>Por su parte, el entorno presidencial califica lo que pas\u00f3 como \u201cun no tema\u201d. De todos modos, hay diferencias en relaci\u00f3n a la primera aparici\u00f3n p\u00fablica del ex vocero para referirse a lo sucedido.<\/p>\n\n\n\n<p>En principio, entienden que Adorni \u201ces honesto y quiso aclarar\u201d lo que pas\u00f3. Y que la frase sobre el exceso de trabajo (\u201cyo me deslomo trabajando\u201d) no fue \u201cfeliz\u201d.<\/p>\n","protected":false},"excerpt":{"rendered":"<p>La vicepresidenta de la Naci\u00f3n, Victoria Villarruel, difundi\u00f3 una publicaci\u00f3n donde varios de sus seguidores&#8230;<\/p>\n","protected":false},"author":2,"featured_media":15936,"comment_status":"open","ping_status":"open","sticky":false,"template":"","format":"standard","meta":{"_jetpack_memberships_contains_paid_content":false,"footnotes":""},"categories":[3,3978],"tags":[1111,1648],"class_list":["post-15935","post","type-post","status-publish","format-standard","has-post-thumbnail","hentry","category-nacion","category-politica","tag-manuel-adorni","tag-victoria-villarruel"],"jetpack_featured_media_url":"https:\/\/i0.wp.com\/realidadsur.com.ar\/wp-content\/uploads\/2026\/03\/La-vice-fustigo-al-ex-vocero.jpg?fit=1920%2C1080&ssl=1","jetpack_sharing_enabled":true,"_links":{"self":[{"href":"https:\/\/realidadsur.com.ar\/index.php?rest_route=\/wp\/v2\/posts\/15935","targetHints":{"allow":["GET"]}}],"collection":[{"href":"https:\/\/realidadsur.com.ar\/index.php?rest_route=\/wp\/v2\/posts"}],"about":[{"href":"https:\/\/realidadsur.com.ar\/index.php?rest_route=\/wp\/v2\/types\/post"}],"author":[{"embeddable":true,"href":"https:\/\/realidadsur.com.ar\/index.php?rest_route=\/wp\/v2\/users\/2"}],"replies":[{"embeddable":true,"href":"https:\/\/realidadsur.com.ar\/index.php?rest_route=%2Fwp%2Fv2%2Fcomments&post=15935"}],"version-history":[{"count":1,"href":"https:\/\/realidadsur.com.ar\/index.php?rest_route=\/wp\/v2\/posts\/15935\/revisions"}],"predecessor-version":[{"id":15937,"href":"https:\/\/realidadsur.com.ar\/index.php?rest_route=\/wp\/v2\/posts\/15935\/revisions\/15937"}],"wp:featuredmedia":[{"embeddable":true,"href":"https:\/\/realidadsur.com.ar\/index.php?rest_route=\/wp\/v2\/media\/15936"}],"wp:attachment":[{"href":"https:\/\/realidadsur.com.ar\/index.php?rest_route=%2Fwp%2Fv2%2Fmedia&parent=15935"}],"wp:term":[{"taxonomy":"category","embeddable":true,"href":"https:\/\/realidadsur.com.ar\/index.php?rest_route=%2Fwp%2Fv2%2Fcategories&post=15935"},{"taxonomy":"post_tag","embeddable":true,"href":"https:\/\/realidadsur.com.ar\/index.php?rest_route=%2Fwp%2Fv2%2Ftags&post=15935"}],"curies":[{"name":"wp","href":"https:\/\/api.w.org\/{rel}","templated":true}]}}