{"id":15942,"date":"2026-03-12T15:59:23","date_gmt":"2026-03-12T18:59:23","guid":{"rendered":"https:\/\/realidadsur.com.ar\/?p=15942"},"modified":"2026-03-12T16:23:23","modified_gmt":"2026-03-12T19:23:23","slug":"el-ministro-bianco-resalto-el-crecimiento-de-berazategui-por-sobre-el-de-quilmes-y-no-se-lo-perdonaron","status":"publish","type":"post","link":"https:\/\/realidadsur.com.ar\/?p=15942","title":{"rendered":"EL MINISTRO BIANCO OPIN\u00d3 Y CRE\u00d3 UNA POL\u00c9MICA: \u00bfBERAZATEGUI EST\u00c1 M\u00c1S LINDO QUE QUILMES?"},"content":{"rendered":"\n<p>El ministro de Gobierno de la provincia de Buenos Aires, Carlos Bianco, visit\u00f3 Berazategui y junto al intednente del distrito, Carlos balor entregaron diplomas a vecinos que se capacitaron a trav\u00e9s del Programa Provincial Puentes.<\/p>\n\n\n\n<p>Al hablar ante los presentes, el quilme\u00f1o Bianco expres\u00f3 que la gente de Quilmes quier ser de Berazategui debido al crecimiento del distrito. &#8220;Todos dicen \u00b4no, ac\u00e1 no hay obras como Berazategui\u00b4, dicen que no hay una situaci\u00f3n igual a la de Berazategui, que cambi\u00f3 much\u00edsimo Berazategui, que creci\u00f3 much\u00edsimo Berazategui&#8221;, a\u00f1adi\u00f3.<\/p>\n\n\n\n<p>Las palabras de Bianco retumbaron en el mundillo pol\u00edtico de Quilmes. es que Bianco es una de las espadas del Gobernador. Por eso, Cecilia Soler, Secretaria de Obras P\u00fablicas quilme\u00f1a, dispar\u00f3 en X: &#8220;Eso puede decir alguien que eligi\u00f3 vivir en otro lado. No quienes vivimos en Quilmes y trabajamos todos los d\u00edas para que nuestra ciudad est\u00e9 mejor. Son m\u00e1s de 10 las obras paralizadas por la Provincia. 3 obras hidr\u00e1ulicas para nuestros arroyos, obras viales y casi 300 viviendas&#8221;.<\/p>\n\n\n\n<p>Anteriormente, Bianco habia comenzado su alocusi\u00f3n se\u00f1alando: &#8220;Estoy muy contento de estar con Carlos Balor, con el Intendente, y con un amigo, como Arnaldo Medina. Pero me apena un poco que no est\u00e9 el doctor Mussi. Y me apena porque m\u00e1s all\u00e1 de la persona que era el doctor&#8221;.<\/p>\n\n\n\n<p>Luego, asever\u00f3: &#8220;Los que tuvimos oportunidad de conocerlo, (crremos que) es un pr\u00f3cer de Berazategui. Soy de Quilmes, y me acuerdo cuando era adolescente que en Quilmes a los de Berazategui se los trataba despectivamente. Sigo yendo a Quilmes porque ah\u00ed vive mi familia, mis amigos, juego al f\u00fatbol y hoy la gente de Quilmes quiere ser de Berazategui&#8221;.<\/p>\n\n\n\n<p>&#8220;Y eso es as\u00ed. Todos dicen \u00b4no, ac\u00e1 no hay obras como Berazategui\u00b4, dicen que no hay una situaci\u00f3n igual a la de Berazategui, que cambi\u00f3 much\u00edsimo Berazategui, que creci\u00f3 much\u00edsimo Berazategui&#8221;, a\u00f1adi\u00f3.<\/p>\n\n\n\n<p>Del mismo modo, afirm\u00f3: &#8220;Eso tiene que ver con el doctor Mussi, con todos los a\u00f1os que \u00e9l dedic\u00f3, trabaj\u00f3 para mejorar, para hacer obras, para poner polos industriales, parques industriales, f\u00e1bricas&#8221;.<\/p>\n\n\n\n<p>Tambi\u00e9n, sum\u00f3: &#8220;La forma en que el doctor Mussi transform\u00f3 Berazategui me animo a decir que no fue solamente un cambio material, tambi\u00e9n hizo un cambio cultural, porque no s\u00f3lo que los berazateguenses est\u00e1n hoy materialmente mejor&#8230;est\u00e1n orgullosos de ser de Berazategui, me parece que ese es el verdadero cambio cultural, que vos est\u00e9s orgulloso de estar en tu tierra, de tener tu trabajo, de tener tus estudios, de tener tus servicios, bueno ese es el legado del doctor Mussi y del que todos tenemos que aprender much\u00edsimo&#8221;.<\/p>\n","protected":false},"excerpt":{"rendered":"<p>El ministro de Gobierno de la provincia de Buenos Aires, Carlos Bianco, visit\u00f3 Berazategui y&#8230;<\/p>\n","protected":false},"author":2,"featured_media":15943,"comment_status":"open","ping_status":"open","sticky":false,"template":"","format":"standard","meta":{"_jetpack_memberships_contains_paid_content":false,"footnotes":""},"categories":[6,4,5],"tags":[24,11,2476,3086,303,9,14],"class_list":["post-15942","post","type-post","status-publish","format-standard","has-post-thumbnail","hentry","category-berazategui","category-provincia","category-quilmes","tag-axel-kicillof","tag-berazategui","tag-carlos-balor","tag-carlos-bianco","tag-cecilia-soler","tag-juan-jose-mussi","tag-quilmes"],"jetpack_featured_media_url":"https:\/\/i0.wp.com\/realidadsur.com.ar\/wp-content\/uploads\/2026\/03\/Bianco-y-Balor-en-Berazategui.jpg?fit=1280%2C960&ssl=1","jetpack_sharing_enabled":true,"_links":{"self":[{"href":"https:\/\/realidadsur.com.ar\/index.php?rest_route=\/wp\/v2\/posts\/15942","targetHints":{"allow":["GET"]}}],"collection":[{"href":"https:\/\/realidadsur.com.ar\/index.php?rest_route=\/wp\/v2\/posts"}],"about":[{"href":"https:\/\/realidadsur.com.ar\/index.php?rest_route=\/wp\/v2\/types\/post"}],"author":[{"embeddable":true,"href":"https:\/\/realidadsur.com.ar\/index.php?rest_route=\/wp\/v2\/users\/2"}],"replies":[{"embeddable":true,"href":"https:\/\/realidadsur.com.ar\/index.php?rest_route=%2Fwp%2Fv2%2Fcomments&post=15942"}],"version-history":[{"count":2,"href":"https:\/\/realidadsur.com.ar\/index.php?rest_route=\/wp\/v2\/posts\/15942\/revisions"}],"predecessor-version":[{"id":15951,"href":"https:\/\/realidadsur.com.ar\/index.php?rest_route=\/wp\/v2\/posts\/15942\/revisions\/15951"}],"wp:featuredmedia":[{"embeddable":true,"href":"https:\/\/realidadsur.com.ar\/index.php?rest_route=\/wp\/v2\/media\/15943"}],"wp:attachment":[{"href":"https:\/\/realidadsur.com.ar\/index.php?rest_route=%2Fwp%2Fv2%2Fmedia&parent=15942"}],"wp:term":[{"taxonomy":"category","embeddable":true,"href":"https:\/\/realidadsur.com.ar\/index.php?rest_route=%2Fwp%2Fv2%2Fcategories&post=15942"},{"taxonomy":"post_tag","embeddable":true,"href":"https:\/\/realidadsur.com.ar\/index.php?rest_route=%2Fwp%2Fv2%2Ftags&post=15942"}],"curies":[{"name":"wp","href":"https:\/\/api.w.org\/{rel}","templated":true}]}}