{"id":15952,"date":"2026-03-12T19:51:52","date_gmt":"2026-03-12T22:51:52","guid":{"rendered":"https:\/\/realidadsur.com.ar\/?p=15952"},"modified":"2026-03-12T19:51:57","modified_gmt":"2026-03-12T22:51:57","slug":"datos-oficiales-indican-que-mar-del-plata-tuvo-se-peor-temporada-desde-la-pandemia","status":"publish","type":"post","link":"https:\/\/realidadsur.com.ar\/?p=15952","title":{"rendered":"DATOS OFICIALES INDICAN QUE MAR DEL PLATA TUVO SE PEOR TEMPORADA DESDE LA PANDEMIA"},"content":{"rendered":"\n<p>Seg\u00fan datos del municipio de General Pueyrredon, el turismo cay\u00f3 un 3,7 % interanual durante la \u00faltima temporada en Mar del Plata, constituyendo lo que fue el peor verano desde la pandemia de<\/p>\n\n\n\n<p>El Emturyc (Ente Municipal de Turismo y Cultura) inform\u00f3 que entre el 1\u00ba de diciembre y el 28 de febrero hubo 3.141.427 arribos, por debajo de los 3.263.727 de la temporada 2024\/2025. Asimismo, la ocupaci\u00f3n promedio global de este verano fue magra, apenas del 50,7%.<\/p>\n\n\n\n<p>En detalle, en diciembre, la ciudad recibi\u00f3 805.811 visitantes, lo que marc\u00f3 un descenso interanual del 2,1%. En enero llegaron 1.280.524, un 7,1% menos que la temporada anterior. En febrero, la ca\u00edda fue menos pronunciada gracias a los feriados del Carnaval, y los veraneantes que llegaron a La Feliz fueron 1.055.137, 0,7% con el registro 2024\/2025.<\/p>\n\n\n\n<p>Adem\u00e1s, estos guarismos muestran que la ciudad tuvo, en materia de visitantes, los peores registros desde el verano 2020\/2021, atravesado por la pandemia. En aquel entonces, se hab\u00edan registrado 2.231.660 arribos.<\/p>\n","protected":false},"excerpt":{"rendered":"<p>Seg\u00fan datos del municipio de General Pueyrredon, el turismo cay\u00f3 un 3,7 % interanual durante&#8230;<\/p>\n","protected":false},"author":2,"featured_media":15953,"comment_status":"open","ping_status":"open","sticky":false,"template":"","format":"standard","meta":{"_jetpack_memberships_contains_paid_content":false,"footnotes":""},"categories":[3,4],"tags":[265],"class_list":["post-15952","post","type-post","status-publish","format-standard","has-post-thumbnail","hentry","category-nacion","category-provincia","tag-mar-del-plata"],"jetpack_featured_media_url":"https:\/\/i0.wp.com\/realidadsur.com.ar\/wp-content\/uploads\/2026\/03\/Mar-del-plata-vacia.webp?fit=980%2C551&ssl=1","jetpack_sharing_enabled":true,"_links":{"self":[{"href":"https:\/\/realidadsur.com.ar\/index.php?rest_route=\/wp\/v2\/posts\/15952","targetHints":{"allow":["GET"]}}],"collection":[{"href":"https:\/\/realidadsur.com.ar\/index.php?rest_route=\/wp\/v2\/posts"}],"about":[{"href":"https:\/\/realidadsur.com.ar\/index.php?rest_route=\/wp\/v2\/types\/post"}],"author":[{"embeddable":true,"href":"https:\/\/realidadsur.com.ar\/index.php?rest_route=\/wp\/v2\/users\/2"}],"replies":[{"embeddable":true,"href":"https:\/\/realidadsur.com.ar\/index.php?rest_route=%2Fwp%2Fv2%2Fcomments&post=15952"}],"version-history":[{"count":1,"href":"https:\/\/realidadsur.com.ar\/index.php?rest_route=\/wp\/v2\/posts\/15952\/revisions"}],"predecessor-version":[{"id":15954,"href":"https:\/\/realidadsur.com.ar\/index.php?rest_route=\/wp\/v2\/posts\/15952\/revisions\/15954"}],"wp:featuredmedia":[{"embeddable":true,"href":"https:\/\/realidadsur.com.ar\/index.php?rest_route=\/wp\/v2\/media\/15953"}],"wp:attachment":[{"href":"https:\/\/realidadsur.com.ar\/index.php?rest_route=%2Fwp%2Fv2%2Fmedia&parent=15952"}],"wp:term":[{"taxonomy":"category","embeddable":true,"href":"https:\/\/realidadsur.com.ar\/index.php?rest_route=%2Fwp%2Fv2%2Fcategories&post=15952"},{"taxonomy":"post_tag","embeddable":true,"href":"https:\/\/realidadsur.com.ar\/index.php?rest_route=%2Fwp%2Fv2%2Ftags&post=15952"}],"curies":[{"name":"wp","href":"https:\/\/api.w.org\/{rel}","templated":true}]}}