{"id":15955,"date":"2026-03-12T19:56:53","date_gmt":"2026-03-12T22:56:53","guid":{"rendered":"https:\/\/realidadsur.com.ar\/?p=15955"},"modified":"2026-03-12T19:56:55","modified_gmt":"2026-03-12T22:56:55","slug":"primer-fallo-contra-la-reforma-laboral","status":"publish","type":"post","link":"https:\/\/realidadsur.com.ar\/?p=15955","title":{"rendered":"PRIMER FALLO CONTRA LA REFORMA LABORAL"},"content":{"rendered":"\n<p>La ley de reforma laboral tuvo su primer fallo en contra, que lleg\u00f3 a trav\u00e9s de un juez laboral de C\u00f3rdoba que declar\u00f3 la inconstitucionalidad del art\u00edculo 55 de la ley, el que regula la forma en que deben actualizarse los cr\u00e9ditos laborales en juicios que ya estaban en tr\u00e1mite cuando entr\u00f3 en vigencia la nueva normativa.<\/p>\n\n\n\n<p>Este apartado refiere a los juicios laborales y determina qu\u00e9 se puede reducir entre un 20% y un 60% lo que terminar\u00eda cobrando un trabajador respecto de los criterios que se usaban en varios tribunales laborales previo a la vigencia de la nueva ley.<\/p>\n\n\n\n<p>El art\u00edculo 55 establece c\u00f3mo se actualizan las deudas en juicios laborales en curso, usando intereses del Banco Central (BCRA), pero con un l\u00edmite m\u00e1ximo de inflaci\u00f3n + 3% anual y un m\u00ednimo del 67% de ese c\u00e1lculo.<\/p>\n\n\n\n<p>Al respecto, el juez Ricardo Gileta resolvi\u00f3 que queda \u201cdesechada la validez de constitucional del art\u00edculo 55\u201d en su sentencia con fecha del 10 de marzo, pero que se conoci\u00f3 este jueves.<\/p>\n\n\n\n<p>El magistrado sostuvo que el capital original deber\u00e1 recalcularse seg\u00fan lo previsto por el art\u00edculo 276 de la Ley de Contrato de Trabajo, modificado por la reforma laboral, esquema que implica que el monto se ajuste de acuerdo con la evoluci\u00f3n del IPC, sumando adem\u00e1s un 3% mensual desde el momento en que se produjo la mora hasta que se concrete el pago.<\/p>\n","protected":false},"excerpt":{"rendered":"<p>La ley de reforma laboral tuvo su primer fallo en contra, que lleg\u00f3 a trav\u00e9s&#8230;<\/p>\n","protected":false},"author":2,"featured_media":15956,"comment_status":"open","ping_status":"open","sticky":false,"template":"","format":"standard","meta":{"_jetpack_memberships_contains_paid_content":false,"footnotes":""},"categories":[3,3978],"tags":[4219,4218],"class_list":["post-15955","post","type-post","status-publish","format-standard","has-post-thumbnail","hentry","category-nacion","category-politica","tag-justicia-laboral","tag-reforma"],"jetpack_featured_media_url":"https:\/\/i0.wp.com\/realidadsur.com.ar\/wp-content\/uploads\/2026\/03\/Accidente-laboral.jpg?fit=980%2C654&ssl=1","jetpack_sharing_enabled":true,"_links":{"self":[{"href":"https:\/\/realidadsur.com.ar\/index.php?rest_route=\/wp\/v2\/posts\/15955","targetHints":{"allow":["GET"]}}],"collection":[{"href":"https:\/\/realidadsur.com.ar\/index.php?rest_route=\/wp\/v2\/posts"}],"about":[{"href":"https:\/\/realidadsur.com.ar\/index.php?rest_route=\/wp\/v2\/types\/post"}],"author":[{"embeddable":true,"href":"https:\/\/realidadsur.com.ar\/index.php?rest_route=\/wp\/v2\/users\/2"}],"replies":[{"embeddable":true,"href":"https:\/\/realidadsur.com.ar\/index.php?rest_route=%2Fwp%2Fv2%2Fcomments&post=15955"}],"version-history":[{"count":1,"href":"https:\/\/realidadsur.com.ar\/index.php?rest_route=\/wp\/v2\/posts\/15955\/revisions"}],"predecessor-version":[{"id":15957,"href":"https:\/\/realidadsur.com.ar\/index.php?rest_route=\/wp\/v2\/posts\/15955\/revisions\/15957"}],"wp:featuredmedia":[{"embeddable":true,"href":"https:\/\/realidadsur.com.ar\/index.php?rest_route=\/wp\/v2\/media\/15956"}],"wp:attachment":[{"href":"https:\/\/realidadsur.com.ar\/index.php?rest_route=%2Fwp%2Fv2%2Fmedia&parent=15955"}],"wp:term":[{"taxonomy":"category","embeddable":true,"href":"https:\/\/realidadsur.com.ar\/index.php?rest_route=%2Fwp%2Fv2%2Fcategories&post=15955"},{"taxonomy":"post_tag","embeddable":true,"href":"https:\/\/realidadsur.com.ar\/index.php?rest_route=%2Fwp%2Fv2%2Ftags&post=15955"}],"curies":[{"name":"wp","href":"https:\/\/api.w.org\/{rel}","templated":true}]}}