{"id":15958,"date":"2026-03-12T20:01:44","date_gmt":"2026-03-12T23:01:44","guid":{"rendered":"https:\/\/realidadsur.com.ar\/?p=15958"},"modified":"2026-03-12T20:01:47","modified_gmt":"2026-03-12T23:01:47","slug":"nordelta-vecinos-acusan-a-wanda-nara-de-abandonar-a-sus-mascotas","status":"publish","type":"post","link":"https:\/\/realidadsur.com.ar\/?p=15958","title":{"rendered":"NORDELTA: VECINOS ACUSAN A WANDA NARA DE ABANDONAR A SUS MASCOTAS"},"content":{"rendered":"\n<p>Los vecinos de Nordelta, lugar donde vive Wanda Nara junto a sus hijas, denunciaron a la conductora de Masterchef por una presunta situaci\u00f3n de abandono de sus mascotas.<\/p>\n\n\n\n<p>Seg\u00fan La Ma\u00f1ana de Moria, la empresaria viaj\u00f3 hace unos diez d\u00edas a Mil\u00e1n para presentarse en el juicio por la divisi\u00f3n de bienes que mantiene con Mauro Icardi.<\/p>\n\n\n\n<p>A partir de su ausencia, algunos residentes del barrio aseguraron que los animales habr\u00edan quedado solos durante varios d\u00edas.<\/p>\n\n\n\n<p>En los videos se ve a los perros, de raza peque\u00f1a, aparentemente caniches, dentro de un canil, ladrando de manera constante. Quienes viven cerca se\u00f1alaron que los animales \u201cest\u00e1n todo el d\u00eda solos\u201d y que permanecen expuestos al sol.<\/p>\n\n\n\n<p>Los ladridos habr\u00edan sido lo que primero llam\u00f3 la atenci\u00f3n en la zona, por lo que, varios vecinos indicaron que, al tratarse de perros chicos, el ruido es constante y se escucha con frecuencia, lo que gener\u00f3 preocupaci\u00f3n y malestar entre quienes viven en el lugar.<\/p>\n\n\n\n<p>Frente a las acusaciones, Andr\u00e9s Nara, padre de la empresaria, sali\u00f3 a desmentir la versi\u00f3n y explic\u00f3, los animales no est\u00e1n abandonados y hay dos personas encargadas de cuidarlos, adem\u00e1s de \u00e9l mismo.<\/p>\n","protected":false},"excerpt":{"rendered":"<p>Los vecinos de Nordelta, lugar donde vive Wanda Nara junto a sus hijas, denunciaron a&#8230;<\/p>\n","protected":false},"author":2,"featured_media":15959,"comment_status":"open","ping_status":"open","sticky":false,"template":"","format":"standard","meta":{"_jetpack_memberships_contains_paid_content":false,"footnotes":""},"categories":[3979,8],"tags":[2976,3334,2553],"class_list":["post-15958","post","type-post","status-publish","format-standard","has-post-thumbnail","hentry","category-espectaculos","category-interes-general","tag-mauro-icardi","tag-nordelta","tag-wanda-nara"],"jetpack_featured_media_url":"https:\/\/i0.wp.com\/realidadsur.com.ar\/wp-content\/uploads\/2026\/03\/Apuntan-a-la-conductora-de-Masterchef.jpg?fit=1200%2C675&ssl=1","jetpack_sharing_enabled":true,"_links":{"self":[{"href":"https:\/\/realidadsur.com.ar\/index.php?rest_route=\/wp\/v2\/posts\/15958","targetHints":{"allow":["GET"]}}],"collection":[{"href":"https:\/\/realidadsur.com.ar\/index.php?rest_route=\/wp\/v2\/posts"}],"about":[{"href":"https:\/\/realidadsur.com.ar\/index.php?rest_route=\/wp\/v2\/types\/post"}],"author":[{"embeddable":true,"href":"https:\/\/realidadsur.com.ar\/index.php?rest_route=\/wp\/v2\/users\/2"}],"replies":[{"embeddable":true,"href":"https:\/\/realidadsur.com.ar\/index.php?rest_route=%2Fwp%2Fv2%2Fcomments&post=15958"}],"version-history":[{"count":1,"href":"https:\/\/realidadsur.com.ar\/index.php?rest_route=\/wp\/v2\/posts\/15958\/revisions"}],"predecessor-version":[{"id":15960,"href":"https:\/\/realidadsur.com.ar\/index.php?rest_route=\/wp\/v2\/posts\/15958\/revisions\/15960"}],"wp:featuredmedia":[{"embeddable":true,"href":"https:\/\/realidadsur.com.ar\/index.php?rest_route=\/wp\/v2\/media\/15959"}],"wp:attachment":[{"href":"https:\/\/realidadsur.com.ar\/index.php?rest_route=%2Fwp%2Fv2%2Fmedia&parent=15958"}],"wp:term":[{"taxonomy":"category","embeddable":true,"href":"https:\/\/realidadsur.com.ar\/index.php?rest_route=%2Fwp%2Fv2%2Fcategories&post=15958"},{"taxonomy":"post_tag","embeddable":true,"href":"https:\/\/realidadsur.com.ar\/index.php?rest_route=%2Fwp%2Fv2%2Ftags&post=15958"}],"curies":[{"name":"wp","href":"https:\/\/api.w.org\/{rel}","templated":true}]}}