{"id":15967,"date":"2026-03-13T17:06:27","date_gmt":"2026-03-13T20:06:27","guid":{"rendered":"https:\/\/realidadsur.com.ar\/?p=15967"},"modified":"2026-03-13T17:06:29","modified_gmt":"2026-03-13T20:06:29","slug":"carlos-balor-retoma-el-proyecto-de-construccion-de-una-universidad-publica-en-berazategui","status":"publish","type":"post","link":"https:\/\/realidadsur.com.ar\/?p=15967","title":{"rendered":"CARLOS BALOR RETOMA EL PROYECTO DE CONSTRUCCI\u00d3N DE UNA UNIVERSIDAD P\u00daBLICA EN BERAZATEGUI"},"content":{"rendered":"\n<p>Los vecinos de Berazategui podr\u00e1n cursar estudios universitarios cerca de su casa. El intendente de Berazategui, Carlos Balor, retomar\u00e1 el proyecto de construcci\u00f3n de una sede de la Universidad Nacional Arturo Jauretche (UNAJ) en Berazategui, con fondos municipales. \u00c9ste fue un anhelo hist\u00f3rico del Dr. Juan Jos\u00e9 Mussi, frenado por el actual Gobierno nacional.<\/p>\n\n\n\n<p>El intendente de Berazategui, Carlos Balor, declar\u00f3: &#8220;Quiero hacer un anuncio sobre algo en lo que venimos trabajando con Arnaldo Medina. El doctor Juan Jos\u00e9 Mussi ten\u00eda la ilusi\u00f3n de que la Universidad Nacional Arturo Jauretche tuviera una sede en Berazategui. En ese sentido, ya estamos avanzando para que la UNAJ cuente con una sede en nuestro distrito. Actualmente estamos cumpliendo con los tr\u00e1mites administrativos correspondientes y estimamos que para mayo, con recursos municipales, estaremos iniciando la obra&#8221;.<\/p>\n\n\n\n<figure class=\"wp-block-image size-large\"><img data-recalc-dims=\"1\" loading=\"lazy\" decoding=\"async\" width=\"640\" height=\"429\" src=\"https:\/\/i0.wp.com\/realidadsur.com.ar\/wp-content\/uploads\/2026\/03\/Carlos-Balor-retoma-el-proyecto-de-construccion-de-una-Universidad-Publica-en-Berazategui-1-1024x687.jpg?resize=640%2C429&#038;ssl=1\" alt=\"\" class=\"wp-image-15968\" srcset=\"https:\/\/i0.wp.com\/realidadsur.com.ar\/wp-content\/uploads\/2026\/03\/Carlos-Balor-retoma-el-proyecto-de-construccion-de-una-Universidad-Publica-en-Berazategui-1.jpg?resize=1024%2C687&amp;ssl=1 1024w, https:\/\/i0.wp.com\/realidadsur.com.ar\/wp-content\/uploads\/2026\/03\/Carlos-Balor-retoma-el-proyecto-de-construccion-de-una-Universidad-Publica-en-Berazategui-1.jpg?resize=300%2C201&amp;ssl=1 300w, https:\/\/i0.wp.com\/realidadsur.com.ar\/wp-content\/uploads\/2026\/03\/Carlos-Balor-retoma-el-proyecto-de-construccion-de-una-Universidad-Publica-en-Berazategui-1.jpg?resize=768%2C516&amp;ssl=1 768w, https:\/\/i0.wp.com\/realidadsur.com.ar\/wp-content\/uploads\/2026\/03\/Carlos-Balor-retoma-el-proyecto-de-construccion-de-una-Universidad-Publica-en-Berazategui-1.jpg?resize=1536%2C1031&amp;ssl=1 1536w, https:\/\/i0.wp.com\/realidadsur.com.ar\/wp-content\/uploads\/2026\/03\/Carlos-Balor-retoma-el-proyecto-de-construccion-de-una-Universidad-Publica-en-Berazategui-1.jpg?w=1600&amp;ssl=1 1600w, https:\/\/i0.wp.com\/realidadsur.com.ar\/wp-content\/uploads\/2026\/03\/Carlos-Balor-retoma-el-proyecto-de-construccion-de-una-Universidad-Publica-en-Berazategui-1.jpg?w=1280 1280w\" sizes=\"auto, (max-width: 640px) 100vw, 640px\" \/><\/figure>\n\n\n\n<p>Asimismo, Arnaldo Medina expres\u00f3: \u201cEste anuncio del Intendente nos llena de emoci\u00f3n, es un anhelo muy grande que ya hab\u00eda pensado el Dr. Mussi: tener la sede de la UNAJ en Berazategui. Esto es muy significativo para la Universidad y la comunidad\u201d.<\/p>\n\n\n\n<p>Por su parte, el secretario de Cultura y Educaci\u00f3n municipal, Federico L\u00f3pez, indic\u00f3: \u201cEn el Municipio, en la misma senda de Juan Jos\u00e9 (Mussi), Carlos Balor toma esa rienda para pensar el proyecto de la Universidad P\u00fablica en Berazategui, junto con la UNAJ. Esta sede tendr\u00e1 carreras vinculantes al Polo Tecnol\u00f3gico, porque va a estar enmarcada en ese lugar y a las necesidades productivas del distrito. Estamos muy felices de poder seguir ampliando posibilidades para los vecinos y vecinas de Berazategui, que tengan en su distrito la posibilidad de formarse, trabajar y habitar esta Patria Chica tan querida\u201d.<\/p>\n\n\n\n<p>El edificio estar\u00e1 ubicado en Av. Padre Mugica y la Colectora de la Autopista Buenos Aires &#8211; La Plata. Tendr\u00e1 una superficie de 853,50 m2, 6 aulas, un Sal\u00f3n de Usos M\u00faltiples (SUM), un \u00e1rea de administraci\u00f3n y sanitarios. Este nuevo espacio se suma a la propuesta del Centro Universitario de Berazategui (CUB) -ubicado en Diagonal Obispo Jorge Novak y 145-, que acerca la posibilidad de cursar materias introductorias a distintas carreras dictadas por la Universidad Nacional de Quilmes (UNQ) y la propia UNAJ.<\/p>\n","protected":false},"excerpt":{"rendered":"<p>Los vecinos de Berazategui podr\u00e1n cursar estudios universitarios cerca de su casa. El intendente de&#8230;<\/p>\n","protected":false},"author":2,"featured_media":15969,"comment_status":"open","ping_status":"open","sticky":false,"template":"","format":"standard","meta":{"_jetpack_memberships_contains_paid_content":false,"footnotes":""},"categories":[6,3871,3978],"tags":[2830,11,2476,47,9,3010],"class_list":["post-15967","post","type-post","status-publish","format-standard","has-post-thumbnail","hentry","category-berazategui","category-florencio-varela-2","category-politica","tag-arnaldo-medina","tag-berazategui","tag-carlos-balor","tag-federico-lopez","tag-juan-jose-mussi","tag-unaj"],"jetpack_featured_media_url":"https:\/\/i0.wp.com\/realidadsur.com.ar\/wp-content\/uploads\/2026\/03\/Carlos-Balor-retoma-el-proyecto-de-construccion-de-una-Universidad-Publica-en-Berazategui.jpg?fit=1600%2C1066&ssl=1","jetpack_sharing_enabled":true,"_links":{"self":[{"href":"https:\/\/realidadsur.com.ar\/index.php?rest_route=\/wp\/v2\/posts\/15967","targetHints":{"allow":["GET"]}}],"collection":[{"href":"https:\/\/realidadsur.com.ar\/index.php?rest_route=\/wp\/v2\/posts"}],"about":[{"href":"https:\/\/realidadsur.com.ar\/index.php?rest_route=\/wp\/v2\/types\/post"}],"author":[{"embeddable":true,"href":"https:\/\/realidadsur.com.ar\/index.php?rest_route=\/wp\/v2\/users\/2"}],"replies":[{"embeddable":true,"href":"https:\/\/realidadsur.com.ar\/index.php?rest_route=%2Fwp%2Fv2%2Fcomments&post=15967"}],"version-history":[{"count":1,"href":"https:\/\/realidadsur.com.ar\/index.php?rest_route=\/wp\/v2\/posts\/15967\/revisions"}],"predecessor-version":[{"id":15970,"href":"https:\/\/realidadsur.com.ar\/index.php?rest_route=\/wp\/v2\/posts\/15967\/revisions\/15970"}],"wp:featuredmedia":[{"embeddable":true,"href":"https:\/\/realidadsur.com.ar\/index.php?rest_route=\/wp\/v2\/media\/15969"}],"wp:attachment":[{"href":"https:\/\/realidadsur.com.ar\/index.php?rest_route=%2Fwp%2Fv2%2Fmedia&parent=15967"}],"wp:term":[{"taxonomy":"category","embeddable":true,"href":"https:\/\/realidadsur.com.ar\/index.php?rest_route=%2Fwp%2Fv2%2Fcategories&post=15967"},{"taxonomy":"post_tag","embeddable":true,"href":"https:\/\/realidadsur.com.ar\/index.php?rest_route=%2Fwp%2Fv2%2Ftags&post=15967"}],"curies":[{"name":"wp","href":"https:\/\/api.w.org\/{rel}","templated":true}]}}