{"id":15972,"date":"2026-03-13T17:30:06","date_gmt":"2026-03-13T20:30:06","guid":{"rendered":"https:\/\/realidadsur.com.ar\/?p=15972"},"modified":"2026-03-13T17:30:09","modified_gmt":"2026-03-13T20:30:09","slug":"el-encargado-la-exitosa-serie-de-francella-se-prepara-para-su-cuarta-temporada","status":"publish","type":"post","link":"https:\/\/realidadsur.com.ar\/?p=15972","title":{"rendered":"&#8220;EL ENCARGADO&#8221;, LA EXITOSA SERIE DE FRANCELLA, SE PREPARA PARA SU CUARTA TEMPORADA"},"content":{"rendered":"\n<p>Guillermo Francella se prepara para la cuarta temporada de El Encargado, la cual se convirti\u00f3 en uno de los mayores \u00e9xitos del streaming argentino, creada por Mariano Cohn y Gast\u00f3n Duprat.<\/p>\n\n\n\n<p>En esta nueva entrega, Eliseo vuelve a quedar en el centro de las intrigas, tras imponerse en su enfrentamiento con el sindicato de encargados, el personaje logra acercarse a los sectores m\u00e1s influyentes del poder.<\/p>\n\n\n\n<p>Sin embargo, mientras Eliseo intenta consolidar su posici\u00f3n, una conspiraci\u00f3n comienza a gestarse dentro del edificio, y detr\u00e1s de esa maniobra aparece Zambrano, el personaje interpretado por Gabriel \u201cEl Puma\u201d Goity, hist\u00f3rico rival del protagonista, quien buscar\u00e1 desestabilizarlo y arruinar su plan.<\/p>\n\n\n\n<p>La cuarta temporada contar\u00e1 nuevamente con un elenco destacado, junto a Guillermo Francella regresar\u00e1n Gabriel Goity, Viviana Puerta y Gast\u00f3n Cocchiarale, y a ellos se sumar\u00e1n figuras de gran trayectoria como Arturo Puig y Luis Brandoni.<\/p>\n\n\n\n<p>Adem\u00e1s, la serie incluir\u00e1 participaciones especiales de Dar\u00edo Barassi, Mirta Busnelli y Mart\u00edn Seefeld, quienes ya formaron parte de entregas anteriores.<\/p>\n\n\n\n<p>Desde su estreno, El Encargado logr\u00f3 consolidarse como una de las producciones argentinas m\u00e1s exitosas de la plataforma.<\/p>\n","protected":false},"excerpt":{"rendered":"<p>Guillermo Francella se prepara para la cuarta temporada de El Encargado, la cual se convirti\u00f3&#8230;<\/p>\n","protected":false},"author":2,"featured_media":15973,"comment_status":"open","ping_status":"open","sticky":false,"template":"","format":"standard","meta":{"_jetpack_memberships_contains_paid_content":false,"footnotes":""},"categories":[3979],"tags":[2662,4224,4220,4222,4221,4223],"class_list":["post-15972","post","type-post","status-publish","format-standard","has-post-thumbnail","hentry","category-espectaculos","tag-arturo-puig","tag-dario-barassi","tag-el-encargado","tag-gabriel-goity","tag-guillermo-francella","tag-luis-brandoni"],"jetpack_featured_media_url":"https:\/\/i0.wp.com\/realidadsur.com.ar\/wp-content\/uploads\/2026\/03\/El-actor-vuelve-a-su-exito.jpg?fit=2000%2C1333&ssl=1","jetpack_sharing_enabled":true,"_links":{"self":[{"href":"https:\/\/realidadsur.com.ar\/index.php?rest_route=\/wp\/v2\/posts\/15972","targetHints":{"allow":["GET"]}}],"collection":[{"href":"https:\/\/realidadsur.com.ar\/index.php?rest_route=\/wp\/v2\/posts"}],"about":[{"href":"https:\/\/realidadsur.com.ar\/index.php?rest_route=\/wp\/v2\/types\/post"}],"author":[{"embeddable":true,"href":"https:\/\/realidadsur.com.ar\/index.php?rest_route=\/wp\/v2\/users\/2"}],"replies":[{"embeddable":true,"href":"https:\/\/realidadsur.com.ar\/index.php?rest_route=%2Fwp%2Fv2%2Fcomments&post=15972"}],"version-history":[{"count":2,"href":"https:\/\/realidadsur.com.ar\/index.php?rest_route=\/wp\/v2\/posts\/15972\/revisions"}],"predecessor-version":[{"id":15975,"href":"https:\/\/realidadsur.com.ar\/index.php?rest_route=\/wp\/v2\/posts\/15972\/revisions\/15975"}],"wp:featuredmedia":[{"embeddable":true,"href":"https:\/\/realidadsur.com.ar\/index.php?rest_route=\/wp\/v2\/media\/15973"}],"wp:attachment":[{"href":"https:\/\/realidadsur.com.ar\/index.php?rest_route=%2Fwp%2Fv2%2Fmedia&parent=15972"}],"wp:term":[{"taxonomy":"category","embeddable":true,"href":"https:\/\/realidadsur.com.ar\/index.php?rest_route=%2Fwp%2Fv2%2Fcategories&post=15972"},{"taxonomy":"post_tag","embeddable":true,"href":"https:\/\/realidadsur.com.ar\/index.php?rest_route=%2Fwp%2Fv2%2Ftags&post=15972"}],"curies":[{"name":"wp","href":"https:\/\/api.w.org\/{rel}","templated":true}]}}