{"id":15994,"date":"2026-03-15T17:33:41","date_gmt":"2026-03-15T20:33:41","guid":{"rendered":"https:\/\/realidadsur.com.ar\/?p=15994"},"modified":"2026-03-15T17:33:44","modified_gmt":"2026-03-15T20:33:44","slug":"diputados-ponen-en-aprietos-al-gobierno-por-la-causa-libra","status":"publish","type":"post","link":"https:\/\/realidadsur.com.ar\/?p=15994","title":{"rendered":"DIPUTADOS PONEN EN APRIETOS AL GOBIERNO POR LA CAUSA $LIBRA"},"content":{"rendered":"\n<p>Legisladores que integran la Comisi\u00f3n Investigadora sobre el caso $LIBRA convocaron a una conferencia de prensa para ma\u00f1ana en la Honorable C\u00e1mara de Diputados de la Naci\u00f3n, en una sala que ser\u00e1 confirmada en las pr\u00f3ximas horas.<\/p>\n\n\n\n<p>Seg\u00fan el comunicado, el encuentro se realizar\u00e1 por los hechos dados a conocer esta semana en torno a la causa y que guardan relaci\u00f3n con el informe final que la comisi\u00f3n present\u00f3 en noviembre de 2025.<\/p>\n\n\n\n<p>Los diputados brindar\u00e1n precisiones sobre las nuevas informaciones conocidas p\u00fablicamente, su v\u00ednculo con las conclusiones ya elaboradas por la comisi\u00f3n investigadora y los pasos institucionales que consideran necesarios tanto en el \u00e1mbito legislativo como en el judicial.<\/p>\n","protected":false},"excerpt":{"rendered":"<p>Legisladores que integran la Comisi\u00f3n Investigadora sobre el caso $LIBRA convocaron a una conferencia de&#8230;<\/p>\n","protected":false},"author":2,"featured_media":15978,"comment_status":"open","ping_status":"open","sticky":false,"template":"","format":"standard","meta":{"_jetpack_memberships_contains_paid_content":false,"footnotes":""},"categories":[3,3978],"tags":[200],"class_list":["post-15994","post","type-post","status-publish","format-standard","has-post-thumbnail","hentry","category-nacion","category-politica","tag-javier-milei"],"jetpack_featured_media_url":"https:\/\/i0.wp.com\/realidadsur.com.ar\/wp-content\/uploads\/2026\/03\/El-Presidente-y-el-Trader.webp?fit=1079%2C720&ssl=1","jetpack_sharing_enabled":true,"_links":{"self":[{"href":"https:\/\/realidadsur.com.ar\/index.php?rest_route=\/wp\/v2\/posts\/15994","targetHints":{"allow":["GET"]}}],"collection":[{"href":"https:\/\/realidadsur.com.ar\/index.php?rest_route=\/wp\/v2\/posts"}],"about":[{"href":"https:\/\/realidadsur.com.ar\/index.php?rest_route=\/wp\/v2\/types\/post"}],"author":[{"embeddable":true,"href":"https:\/\/realidadsur.com.ar\/index.php?rest_route=\/wp\/v2\/users\/2"}],"replies":[{"embeddable":true,"href":"https:\/\/realidadsur.com.ar\/index.php?rest_route=%2Fwp%2Fv2%2Fcomments&post=15994"}],"version-history":[{"count":1,"href":"https:\/\/realidadsur.com.ar\/index.php?rest_route=\/wp\/v2\/posts\/15994\/revisions"}],"predecessor-version":[{"id":15995,"href":"https:\/\/realidadsur.com.ar\/index.php?rest_route=\/wp\/v2\/posts\/15994\/revisions\/15995"}],"wp:featuredmedia":[{"embeddable":true,"href":"https:\/\/realidadsur.com.ar\/index.php?rest_route=\/wp\/v2\/media\/15978"}],"wp:attachment":[{"href":"https:\/\/realidadsur.com.ar\/index.php?rest_route=%2Fwp%2Fv2%2Fmedia&parent=15994"}],"wp:term":[{"taxonomy":"category","embeddable":true,"href":"https:\/\/realidadsur.com.ar\/index.php?rest_route=%2Fwp%2Fv2%2Fcategories&post=15994"},{"taxonomy":"post_tag","embeddable":true,"href":"https:\/\/realidadsur.com.ar\/index.php?rest_route=%2Fwp%2Fv2%2Ftags&post=15994"}],"curies":[{"name":"wp","href":"https:\/\/api.w.org\/{rel}","templated":true}]}}