{"id":16000,"date":"2026-03-15T17:47:23","date_gmt":"2026-03-15T20:47:23","guid":{"rendered":"https:\/\/realidadsur.com.ar\/?p=16000"},"modified":"2026-03-15T17:47:26","modified_gmt":"2026-03-15T20:47:26","slug":"el-boleto-minimo-de-colectivos-en-amba-costara-700-a-partir-de-manana","status":"publish","type":"post","link":"https:\/\/realidadsur.com.ar\/?p=16000","title":{"rendered":"EL BOLETO M\u00cdNIMO DE COLECTIVOS EN AMBA COSTAR\u00c1 $700 A PARTIR DE MA\u00d1ANA"},"content":{"rendered":"\n<p>Desde este lunes 16 de marzo de 2026 aumentar\u00e1 el boleto de las 104 l\u00edneas de colectivos de jurisdicci\u00f3n nacional que unen la Ciudad de Buenos Aires con el Gran Buenos Aires, con un m\u00ednimo que pasar\u00e1 a 700 pesos y completar\u00e1 una suba total del 41% respecto de febrero, seg\u00fan inform\u00f3 la Secretar\u00eda de Transporte.<\/p>\n\n\n\n<p>El nuevo cuadro tarifario alcanza a los servicios que cruzan la General Paz y el Riachuelo entre la Ciudad y el GBA, cuyo boleto m\u00ednimo subir\u00e1 de 650 a 700 pesos, mientras que los tramos m\u00e1s largos, de m\u00e1s de 27 kil\u00f3metros, costar\u00e1n 959,71 pesos para usuarios con SUBE registrada o medios de pago electr\u00f3nicos.<\/p>\n","protected":false},"excerpt":{"rendered":"<p>Desde este lunes 16 de marzo de 2026 aumentar\u00e1 el boleto de las 104 l\u00edneas&#8230;<\/p>\n","protected":false},"author":2,"featured_media":6991,"comment_status":"open","ping_status":"open","sticky":false,"template":"","format":"standard","meta":{"_jetpack_memberships_contains_paid_content":false,"footnotes":""},"categories":[450,6,996,3871,3,5],"tags":[3237],"class_list":["post-16000","post","type-post","status-publish","format-standard","has-post-thumbnail","hentry","category-avellaneda","category-berazategui","category-caba","category-florencio-varela-2","category-nacion","category-quilmes","tag-aumento-de-boleto"],"jetpack_featured_media_url":"https:\/\/i0.wp.com\/realidadsur.com.ar\/wp-content\/uploads\/2024\/08\/La-medida-incluye-menos-colectivos-los-fines-de-semana-e1743113948136.jpg?fit=470%2C365&ssl=1","jetpack_sharing_enabled":true,"_links":{"self":[{"href":"https:\/\/realidadsur.com.ar\/index.php?rest_route=\/wp\/v2\/posts\/16000","targetHints":{"allow":["GET"]}}],"collection":[{"href":"https:\/\/realidadsur.com.ar\/index.php?rest_route=\/wp\/v2\/posts"}],"about":[{"href":"https:\/\/realidadsur.com.ar\/index.php?rest_route=\/wp\/v2\/types\/post"}],"author":[{"embeddable":true,"href":"https:\/\/realidadsur.com.ar\/index.php?rest_route=\/wp\/v2\/users\/2"}],"replies":[{"embeddable":true,"href":"https:\/\/realidadsur.com.ar\/index.php?rest_route=%2Fwp%2Fv2%2Fcomments&post=16000"}],"version-history":[{"count":1,"href":"https:\/\/realidadsur.com.ar\/index.php?rest_route=\/wp\/v2\/posts\/16000\/revisions"}],"predecessor-version":[{"id":16001,"href":"https:\/\/realidadsur.com.ar\/index.php?rest_route=\/wp\/v2\/posts\/16000\/revisions\/16001"}],"wp:featuredmedia":[{"embeddable":true,"href":"https:\/\/realidadsur.com.ar\/index.php?rest_route=\/wp\/v2\/media\/6991"}],"wp:attachment":[{"href":"https:\/\/realidadsur.com.ar\/index.php?rest_route=%2Fwp%2Fv2%2Fmedia&parent=16000"}],"wp:term":[{"taxonomy":"category","embeddable":true,"href":"https:\/\/realidadsur.com.ar\/index.php?rest_route=%2Fwp%2Fv2%2Fcategories&post=16000"},{"taxonomy":"post_tag","embeddable":true,"href":"https:\/\/realidadsur.com.ar\/index.php?rest_route=%2Fwp%2Fv2%2Ftags&post=16000"}],"curies":[{"name":"wp","href":"https:\/\/api.w.org\/{rel}","templated":true}]}}