{"id":16002,"date":"2026-03-15T17:55:57","date_gmt":"2026-03-15T20:55:57","guid":{"rendered":"https:\/\/realidadsur.com.ar\/?p=16002"},"modified":"2026-03-15T17:55:59","modified_gmt":"2026-03-15T20:55:59","slug":"robo-un-auto-en-quilmes-y-fue-detenido-en-la-general-paz","status":"publish","type":"post","link":"https:\/\/realidadsur.com.ar\/?p=16002","title":{"rendered":"ROB\u00d3 UN AUTO EN QUILMES Y FUE DETENIDO EN LA GENERAL PAZ"},"content":{"rendered":"\n<p>Un hombre que circulaba en un auto robado fue detenido por efectivos de la Polic\u00eda de la Ciudad en la Avenida General Paz, a la altura del barrio porte\u00f1o de Mataderos, luego de que el veh\u00edculo fuera detectado por el sistema de c\u00e1maras del Anillo Digital tras un robo ocurrido poco antes en Quilmes.<\/p>\n\n\n\n<p>Todo comenz\u00f3 en horas de la ma\u00f1ana, cuando el sistema de lectura de patentes detect\u00f3 sobre la avenida Juan B. Alberdi, a la altura de Larraz\u00e1bal y en sentido hacia la Avenida General Paz, un Fiat Palio gris con alerta temprana por robo denunciado 24 minutos antes en Quilmes.<\/p>\n\n\n\n<p>De inmediato, se emiti\u00f3 la alerta por la frecuencia radial y operadores del sistema de Anillo Digital realizaron el seguimiento del veh\u00edculo en tiempo real mediante c\u00e1maras y domos de la zona.<\/p>\n\n\n\n<p>Con esa informaci\u00f3n, m\u00f3viles de la Comisar\u00eda Vecinal 9A de la Polic\u00eda de la Ciudad se dirigieron al lugar y lograron interceptar el auto en la intersecci\u00f3n de la avenida Juan B. Alberdi y la colectora de la avenida General Paz, con la colaboraci\u00f3n de personal apostado en el Destacamento Alberdi.<\/p>\n\n\n\n<p>Tras identificar al conductor, los efectivos comprobaron por el sistema de antecedentes que registraba declarada una rebeld\u00eda dispuesta por el Juzgado Correccional n\u00famero 3 del Departamento Judicial de Quilmes.<\/p>\n","protected":false},"excerpt":{"rendered":"<p>Un hombre que circulaba en un auto robado fue detenido por efectivos de la Polic\u00eda&#8230;<\/p>\n","protected":false},"author":2,"featured_media":16003,"comment_status":"open","ping_status":"open","sticky":false,"template":"","format":"standard","meta":{"_jetpack_memberships_contains_paid_content":false,"footnotes":""},"categories":[996,5],"tags":[138,88,14,3926],"class_list":["post-16002","post","type-post","status-publish","format-standard","has-post-thumbnail","hentry","category-caba","category-quilmes","tag-caba","tag-detenido","tag-quilmes","tag-robo-automotor"],"jetpack_featured_media_url":"https:\/\/i0.wp.com\/realidadsur.com.ar\/wp-content\/uploads\/2026\/03\/Detenido-e1773608125151.webp?fit=405%2C331&ssl=1","jetpack_sharing_enabled":true,"_links":{"self":[{"href":"https:\/\/realidadsur.com.ar\/index.php?rest_route=\/wp\/v2\/posts\/16002","targetHints":{"allow":["GET"]}}],"collection":[{"href":"https:\/\/realidadsur.com.ar\/index.php?rest_route=\/wp\/v2\/posts"}],"about":[{"href":"https:\/\/realidadsur.com.ar\/index.php?rest_route=\/wp\/v2\/types\/post"}],"author":[{"embeddable":true,"href":"https:\/\/realidadsur.com.ar\/index.php?rest_route=\/wp\/v2\/users\/2"}],"replies":[{"embeddable":true,"href":"https:\/\/realidadsur.com.ar\/index.php?rest_route=%2Fwp%2Fv2%2Fcomments&post=16002"}],"version-history":[{"count":1,"href":"https:\/\/realidadsur.com.ar\/index.php?rest_route=\/wp\/v2\/posts\/16002\/revisions"}],"predecessor-version":[{"id":16004,"href":"https:\/\/realidadsur.com.ar\/index.php?rest_route=\/wp\/v2\/posts\/16002\/revisions\/16004"}],"wp:featuredmedia":[{"embeddable":true,"href":"https:\/\/realidadsur.com.ar\/index.php?rest_route=\/wp\/v2\/media\/16003"}],"wp:attachment":[{"href":"https:\/\/realidadsur.com.ar\/index.php?rest_route=%2Fwp%2Fv2%2Fmedia&parent=16002"}],"wp:term":[{"taxonomy":"category","embeddable":true,"href":"https:\/\/realidadsur.com.ar\/index.php?rest_route=%2Fwp%2Fv2%2Fcategories&post=16002"},{"taxonomy":"post_tag","embeddable":true,"href":"https:\/\/realidadsur.com.ar\/index.php?rest_route=%2Fwp%2Fv2%2Ftags&post=16002"}],"curies":[{"name":"wp","href":"https:\/\/api.w.org\/{rel}","templated":true}]}}