{"id":16026,"date":"2026-03-17T12:57:47","date_gmt":"2026-03-17T15:57:47","guid":{"rendered":"https:\/\/realidadsur.com.ar\/?p=16026"},"modified":"2026-03-17T12:57:49","modified_gmt":"2026-03-17T15:57:49","slug":"cristina-kirchner-declaro-en-la-causa-cuadernos","status":"publish","type":"post","link":"https:\/\/realidadsur.com.ar\/?p=16026","title":{"rendered":"CRISTINA KIRCHNER DECLAR\u00d3 EN LA CAUSA &#8220;CUADERNOS&#8221;"},"content":{"rendered":"\n<p>La expresidenta Cristina Kirchner calific\u00f3 como \u201cmafioso\u201d el proceso de investigaci\u00f3n en la Causa Cuadernos y apunt\u00f3, directamente, contra el exjuez Claudio Bonadio y el fiscal Carlos Stornelli.<\/p>\n\n\n\n<p>\u201cLa causa vialidad es emblem\u00e1tica en materia de persecuci\u00f3n judicial. Hay un estadio superior en orden a la ideolog\u00eda. Ahora estamos inmersos en pr\u00e1cticas mafiosas de jueces y fiscales\u201d, asever\u00f3 CFK.<\/p>\n\n\n\n<p>Para la ex presidenta, Bonadio y Stornelli \u201ctuvieron una manejo criminal de la figura del arrepentido\u201d y agreg\u00f3: \u201cHay jueces que responden a directivas pol\u00edticas y econ\u00f3micas\u201d.<\/p>\n\n\n\n<p>Tambi\u00e9n, dijo que \u201cfraguaron pruebas para detener s\u00f3lo a una persona&#8221; y remarc\u00f3 que, a pesar de ello, Stornelli &#8220;sigue siendo fiscal en este edificio\u201d.<\/p>\n\n\n\n<p>&#8220;Me preguntaba el presidente del tribunal si voy a contestar preguntas. \u00bfSabe cu\u00e1ndo voy a contestar preguntas de este tribunal y de cualquier otro? Cuando lo llamen a Stornelli a que declare sobre alguna de las barbaridades que est\u00e1n comprobadas en expedientes que est\u00e1n en esta misma casa&#8221;, aclar\u00f3.<\/p>\n\n\n\n<p>Finalmente, consider\u00f3: \u201csi bien tienen derecho a perseguir\u201d, deber\u00edan ser \u201cm\u00e1s coherentes\u201d. \u201cMe puedo morir presa con este sistema judicial, pero cr\u00e9anme que en alg\u00fan momento esto se va a terminar\u201d, concluy\u00f3.<\/p>\n","protected":false},"excerpt":{"rendered":"<p>La expresidenta Cristina Kirchner calific\u00f3 como \u201cmafioso\u201d el proceso de investigaci\u00f3n en la Causa Cuadernos&#8230;<\/p>\n","protected":false},"author":2,"featured_media":16027,"comment_status":"open","ping_status":"open","sticky":false,"template":"","format":"standard","meta":{"_jetpack_memberships_contains_paid_content":false,"footnotes":""},"categories":[3,3978],"tags":[151],"class_list":["post-16026","post","type-post","status-publish","format-standard","has-post-thumbnail","hentry","category-nacion","category-politica","tag-cristina-kirchner"],"jetpack_featured_media_url":"https:\/\/i0.wp.com\/realidadsur.com.ar\/wp-content\/uploads\/2026\/03\/CFK.jpg?fit=1080%2C698&ssl=1","jetpack_sharing_enabled":true,"_links":{"self":[{"href":"https:\/\/realidadsur.com.ar\/index.php?rest_route=\/wp\/v2\/posts\/16026","targetHints":{"allow":["GET"]}}],"collection":[{"href":"https:\/\/realidadsur.com.ar\/index.php?rest_route=\/wp\/v2\/posts"}],"about":[{"href":"https:\/\/realidadsur.com.ar\/index.php?rest_route=\/wp\/v2\/types\/post"}],"author":[{"embeddable":true,"href":"https:\/\/realidadsur.com.ar\/index.php?rest_route=\/wp\/v2\/users\/2"}],"replies":[{"embeddable":true,"href":"https:\/\/realidadsur.com.ar\/index.php?rest_route=%2Fwp%2Fv2%2Fcomments&post=16026"}],"version-history":[{"count":1,"href":"https:\/\/realidadsur.com.ar\/index.php?rest_route=\/wp\/v2\/posts\/16026\/revisions"}],"predecessor-version":[{"id":16028,"href":"https:\/\/realidadsur.com.ar\/index.php?rest_route=\/wp\/v2\/posts\/16026\/revisions\/16028"}],"wp:featuredmedia":[{"embeddable":true,"href":"https:\/\/realidadsur.com.ar\/index.php?rest_route=\/wp\/v2\/media\/16027"}],"wp:attachment":[{"href":"https:\/\/realidadsur.com.ar\/index.php?rest_route=%2Fwp%2Fv2%2Fmedia&parent=16026"}],"wp:term":[{"taxonomy":"category","embeddable":true,"href":"https:\/\/realidadsur.com.ar\/index.php?rest_route=%2Fwp%2Fv2%2Fcategories&post=16026"},{"taxonomy":"post_tag","embeddable":true,"href":"https:\/\/realidadsur.com.ar\/index.php?rest_route=%2Fwp%2Fv2%2Ftags&post=16026"}],"curies":[{"name":"wp","href":"https:\/\/api.w.org\/{rel}","templated":true}]}}