{"id":1618,"date":"2023-10-27T16:32:56","date_gmt":"2023-10-27T19:32:56","guid":{"rendered":"https:\/\/realidadsur.com.ar\/?p=1618"},"modified":"2023-10-27T16:32:58","modified_gmt":"2023-10-27T19:32:58","slug":"milei-visita-el-conurbano","status":"publish","type":"post","link":"https:\/\/realidadsur.com.ar\/?p=1618","title":{"rendered":"MILEI VISITA EL CONURBANO"},"content":{"rendered":"\n<p>En medio de la controversia que gener\u00f3 esta semana el acuerdo alcanzado con los referentes del PRO Patricia Bullrich y Mauricio Macri, el candidato presidencial de La Libertad Avanza,&nbsp;Javier Milei, realizar\u00e1 esta tarde una &#8220;visita sorpresa&#8221; a una localidad de la provincia de Buenos Aires.<\/p>\n\n\n\n<p>El diputado realizar\u00e1 esta tarde una visita sorpresa a alguna localidad -no especificada a\u00fan- de la provincia de Buenos Aires,&nbsp;luego de que ayer retomara las recorridas con una caminata por el barrio porte\u00f1o de Villa Ort\u00fazar,&nbsp;donde habl\u00f3 con vecinos e ingres\u00f3 a comercios.<\/p>\n","protected":false},"excerpt":{"rendered":"<p>En medio de la controversia que gener\u00f3 esta semana el acuerdo alcanzado con los referentes&#8230;<\/p>\n","protected":false},"author":2,"featured_media":1408,"comment_status":"open","ping_status":"open","sticky":false,"template":"","format":"standard","meta":{"_jetpack_memberships_contains_paid_content":false,"footnotes":""},"categories":[3],"tags":[200],"class_list":["post-1618","post","type-post","status-publish","format-standard","has-post-thumbnail","hentry","category-nacion","tag-javier-milei"],"jetpack_featured_media_url":"https:\/\/i0.wp.com\/realidadsur.com.ar\/wp-content\/uploads\/2023\/10\/IMG_20231012_162443.jpg?fit=400%2C400&ssl=1","jetpack_sharing_enabled":true,"_links":{"self":[{"href":"https:\/\/realidadsur.com.ar\/index.php?rest_route=\/wp\/v2\/posts\/1618","targetHints":{"allow":["GET"]}}],"collection":[{"href":"https:\/\/realidadsur.com.ar\/index.php?rest_route=\/wp\/v2\/posts"}],"about":[{"href":"https:\/\/realidadsur.com.ar\/index.php?rest_route=\/wp\/v2\/types\/post"}],"author":[{"embeddable":true,"href":"https:\/\/realidadsur.com.ar\/index.php?rest_route=\/wp\/v2\/users\/2"}],"replies":[{"embeddable":true,"href":"https:\/\/realidadsur.com.ar\/index.php?rest_route=%2Fwp%2Fv2%2Fcomments&post=1618"}],"version-history":[{"count":1,"href":"https:\/\/realidadsur.com.ar\/index.php?rest_route=\/wp\/v2\/posts\/1618\/revisions"}],"predecessor-version":[{"id":1619,"href":"https:\/\/realidadsur.com.ar\/index.php?rest_route=\/wp\/v2\/posts\/1618\/revisions\/1619"}],"wp:featuredmedia":[{"embeddable":true,"href":"https:\/\/realidadsur.com.ar\/index.php?rest_route=\/wp\/v2\/media\/1408"}],"wp:attachment":[{"href":"https:\/\/realidadsur.com.ar\/index.php?rest_route=%2Fwp%2Fv2%2Fmedia&parent=1618"}],"wp:term":[{"taxonomy":"category","embeddable":true,"href":"https:\/\/realidadsur.com.ar\/index.php?rest_route=%2Fwp%2Fv2%2Fcategories&post=1618"},{"taxonomy":"post_tag","embeddable":true,"href":"https:\/\/realidadsur.com.ar\/index.php?rest_route=%2Fwp%2Fv2%2Ftags&post=1618"}],"curies":[{"name":"wp","href":"https:\/\/api.w.org\/{rel}","templated":true}]}}