{"id":16487,"date":"2026-04-24T11:48:09","date_gmt":"2026-04-24T14:48:09","guid":{"rendered":"https:\/\/realidadsur.com.ar\/?p=16487"},"modified":"2026-04-24T11:48:11","modified_gmt":"2026-04-24T14:48:11","slug":"restablecen-la-reforma-laboral-de-milei-que-pasara-con-los-trabajadores","status":"publish","type":"post","link":"https:\/\/realidadsur.com.ar\/?p=16487","title":{"rendered":"RESTABLECEN LA REFORMA LABORAL DE MILEI: \u00bfQU\u00c9 PASAR\u00c1 CON LOS TRABAJADORES?"},"content":{"rendered":"\n<p>La C\u00e1mara del Trabajo revoc\u00f3 el fallo que suspend\u00eda 83 art\u00edculos de la reforma laboral, que se aprob\u00f3 este a\u00f1o en el Congreso, y que hab\u00eda quedado en parte sin efecto por una cautelar dictada por el juez nacional Ra\u00fal Ojeda.<\/p>\n\n\n\n<p>La decisi\u00f3n de la Sala VIII del tribunal, integrada por los jueces Mar\u00eda Dora Gonz\u00e1lez y V\u00edctor Arturo Pesino, restableci\u00f3 la vigencia de los puntos clave que hab\u00edan sido frenados anteriormente por un fallo de primera instancia.<\/p>\n\n\n\n<p>Entre los cambios que vuelven a aplicarse aparecen modificaciones en el r\u00e9gimen de indemnizaciones, nuevas modalidades de organizaci\u00f3n de la jornada laboral y cambios en el funcionamiento de huelgas y negociaciones sindicales.<\/p>\n\n\n\n<p>Uno de los puntos centrales es el sistema de \u201cbanco de horas\u201d, que permite reorganizar la jornada laboral y compensar horas trabajadas en distintos per\u00edodos sin que necesariamente se paguen horas extras.<\/p>\n\n\n\n<p>La reforma tambi\u00e9n habilita cambios en las vacaciones, permitiendo un mayor fraccionamiento de los d\u00edas de descanso. Adem\u00e1s, vuelven a regir modificaciones vinculadas a las indemnizaciones por despido, con cambios en los criterios de c\u00e1lculo y nuevos mecanismos alternativos de fondos de cese laboral.<\/p>\n\n\n\n<p>Otro de los aspectos incluidos en la ley es la limitaci\u00f3n del derecho a huelga en determinadas actividades consideradas esenciales, donde deber\u00e1n garantizarse servicios m\u00ednimos durante las medidas de fuerza.<\/p>\n","protected":false},"excerpt":{"rendered":"<p>La C\u00e1mara del Trabajo revoc\u00f3 el fallo que suspend\u00eda 83 art\u00edculos de la reforma laboral,&#8230;<\/p>\n","protected":false},"author":2,"featured_media":16488,"comment_status":"open","ping_status":"open","sticky":false,"template":"","format":"standard","meta":{"_jetpack_memberships_contains_paid_content":false,"footnotes":""},"categories":[3,3978],"tags":[200,1825],"class_list":["post-16487","post","type-post","status-publish","format-standard","has-post-thumbnail","hentry","category-nacion","category-politica","tag-javier-milei","tag-reforma-laboral"],"jetpack_featured_media_url":"https:\/\/i0.wp.com\/realidadsur.com.ar\/wp-content\/uploads\/2026\/04\/Preocupa-el-nuevo-calculo-para-las-indemnizaciones.jpg?fit=1280%2C837&ssl=1","jetpack_sharing_enabled":true,"_links":{"self":[{"href":"https:\/\/realidadsur.com.ar\/index.php?rest_route=\/wp\/v2\/posts\/16487","targetHints":{"allow":["GET"]}}],"collection":[{"href":"https:\/\/realidadsur.com.ar\/index.php?rest_route=\/wp\/v2\/posts"}],"about":[{"href":"https:\/\/realidadsur.com.ar\/index.php?rest_route=\/wp\/v2\/types\/post"}],"author":[{"embeddable":true,"href":"https:\/\/realidadsur.com.ar\/index.php?rest_route=\/wp\/v2\/users\/2"}],"replies":[{"embeddable":true,"href":"https:\/\/realidadsur.com.ar\/index.php?rest_route=%2Fwp%2Fv2%2Fcomments&post=16487"}],"version-history":[{"count":1,"href":"https:\/\/realidadsur.com.ar\/index.php?rest_route=\/wp\/v2\/posts\/16487\/revisions"}],"predecessor-version":[{"id":16489,"href":"https:\/\/realidadsur.com.ar\/index.php?rest_route=\/wp\/v2\/posts\/16487\/revisions\/16489"}],"wp:featuredmedia":[{"embeddable":true,"href":"https:\/\/realidadsur.com.ar\/index.php?rest_route=\/wp\/v2\/media\/16488"}],"wp:attachment":[{"href":"https:\/\/realidadsur.com.ar\/index.php?rest_route=%2Fwp%2Fv2%2Fmedia&parent=16487"}],"wp:term":[{"taxonomy":"category","embeddable":true,"href":"https:\/\/realidadsur.com.ar\/index.php?rest_route=%2Fwp%2Fv2%2Fcategories&post=16487"},{"taxonomy":"post_tag","embeddable":true,"href":"https:\/\/realidadsur.com.ar\/index.php?rest_route=%2Fwp%2Fv2%2Ftags&post=16487"}],"curies":[{"name":"wp","href":"https:\/\/api.w.org\/{rel}","templated":true}]}}