{"id":16491,"date":"2026-04-24T17:22:08","date_gmt":"2026-04-24T20:22:08","guid":{"rendered":"https:\/\/realidadsur.com.ar\/?p=16491"},"modified":"2026-04-24T17:22:10","modified_gmt":"2026-04-24T20:22:10","slug":"adorni-fue-beneficiado-por-un-juez-y-se-archiva-una-de-sus-causas","status":"publish","type":"post","link":"https:\/\/realidadsur.com.ar\/?p=16491","title":{"rendered":"ADORNI FUE BENEFICIADO POR UN JUEZ Y SE ARCHIVA UNA DE SUS CAUSAS"},"content":{"rendered":"\n<p>El juez federal Daniel Rafecas determin\u00f3 archivar la causa que investigaba al Jefe de Gabinete de Ministros, Manuel Adorni, por presunta malversaci\u00f3n de caudales p\u00fablicos.<\/p>\n\n\n\n<p>Un expediente que se origin\u00f3 tras la denuncia por el traslado de su esposa en un vuelo oficial a los Estados Unidos en el marco del evento \u201cArgentina Week\u201d.<\/p>\n\n\n\n<p>La decisi\u00f3n, que se sustenta en la ausencia de delito, fue adoptada tras el dictamen favorable al archivo emitido por la fiscal Alejandra Mangano. La denuncia apunt\u00f3 a presunto uso indebido de recursos p\u00fablicos, precisamente por el traslado de Bettina Angeletti junto a la comitiva oficial en marzo pasado.<\/p>\n\n\n\n<p>Seg\u00fan determin\u00f3 el magistrado Rafecas, en l\u00ednea con el dictamen de la fiscal\u00eda, el viaje no implic\u00f3 un gasto adicional para el Estado ni configur\u00f3 una irregularidad.<\/p>\n","protected":false},"excerpt":{"rendered":"<p>El juez federal Daniel Rafecas determin\u00f3 archivar la causa que investigaba al Jefe de Gabinete&#8230;<\/p>\n","protected":false},"author":2,"featured_media":16492,"comment_status":"open","ping_status":"open","sticky":false,"template":"","format":"standard","meta":{"_jetpack_memberships_contains_paid_content":false,"footnotes":""},"categories":[3,3978],"tags":[4284,4283,200,1111],"class_list":["post-16491","post","type-post","status-publish","format-standard","has-post-thumbnail","hentry","category-nacion","category-politica","tag-bettina-angeletti","tag-daniel-rafecas","tag-javier-milei","tag-manuel-adorni"],"jetpack_featured_media_url":"https:\/\/realidadsur.com.ar\/wp-content\/uploads\/2026\/04\/El-matrimonio-esta-de-festejo.avif","jetpack_sharing_enabled":true,"_links":{"self":[{"href":"https:\/\/realidadsur.com.ar\/index.php?rest_route=\/wp\/v2\/posts\/16491","targetHints":{"allow":["GET"]}}],"collection":[{"href":"https:\/\/realidadsur.com.ar\/index.php?rest_route=\/wp\/v2\/posts"}],"about":[{"href":"https:\/\/realidadsur.com.ar\/index.php?rest_route=\/wp\/v2\/types\/post"}],"author":[{"embeddable":true,"href":"https:\/\/realidadsur.com.ar\/index.php?rest_route=\/wp\/v2\/users\/2"}],"replies":[{"embeddable":true,"href":"https:\/\/realidadsur.com.ar\/index.php?rest_route=%2Fwp%2Fv2%2Fcomments&post=16491"}],"version-history":[{"count":1,"href":"https:\/\/realidadsur.com.ar\/index.php?rest_route=\/wp\/v2\/posts\/16491\/revisions"}],"predecessor-version":[{"id":16493,"href":"https:\/\/realidadsur.com.ar\/index.php?rest_route=\/wp\/v2\/posts\/16491\/revisions\/16493"}],"wp:featuredmedia":[{"embeddable":true,"href":"https:\/\/realidadsur.com.ar\/index.php?rest_route=\/wp\/v2\/media\/16492"}],"wp:attachment":[{"href":"https:\/\/realidadsur.com.ar\/index.php?rest_route=%2Fwp%2Fv2%2Fmedia&parent=16491"}],"wp:term":[{"taxonomy":"category","embeddable":true,"href":"https:\/\/realidadsur.com.ar\/index.php?rest_route=%2Fwp%2Fv2%2Fcategories&post=16491"},{"taxonomy":"post_tag","embeddable":true,"href":"https:\/\/realidadsur.com.ar\/index.php?rest_route=%2Fwp%2Fv2%2Ftags&post=16491"}],"curies":[{"name":"wp","href":"https:\/\/api.w.org\/{rel}","templated":true}]}}