{"id":16498,"date":"2026-04-24T18:00:06","date_gmt":"2026-04-24T21:00:06","guid":{"rendered":"https:\/\/realidadsur.com.ar\/?p=16498"},"modified":"2026-04-24T18:00:09","modified_gmt":"2026-04-24T21:00:09","slug":"la-justicia-va-por-las-propiedades-de-cristina-kirchner","status":"publish","type":"post","link":"https:\/\/realidadsur.com.ar\/?p=16498","title":{"rendered":"LA JUSTICIA VA POR LAS PROPIEDADES DE CRISTINA KIRCHNER"},"content":{"rendered":"\n<p>La C\u00e1mara Federal de Casaci\u00f3n Penal orden\u00f3 este viernes avanzar con la ejecuci\u00f3n de bienes de la ex presidenta Cristina Kirchner y sus hijos para cubrir el monto de dinero fijado que debe devolver en el marco de la causa Vialidad, en la que fue condenada por administraci\u00f3n fraudulenta en perjuicio del Estado.<\/p>\n\n\n\n<p>La medida alcanza a una veintena de propiedades vinculadas a la actual presidenta del Partido Justicialista y sus hijos M\u00e1ximo y Florencia Kirchner, y a m\u00e1s de 80 inmuebles del resto de los implicados, entre ellos L\u00e1zaro B\u00e1ez y sus empresas.<\/p>\n\n\n\n<p>La decisi\u00f3n, firmada por Gustavo Hornos, Mariano Borinsky y Diego Barroetave\u00f1a, orma parte del proceso para recuperar el dinero considerado desviado en la adjudicaci\u00f3n de obra p\u00fablica en Santa Cruz.<\/p>\n\n\n\n<p>El fallo se enmarca en una condena ya firme que incluye la pena de prisi\u00f3n domiciliaria que la ex mandaria cumple en su departamento del barrio porte\u00f1o de Constituci\u00f3n y el decomiso de activos para resarcir al Estado.<\/p>\n","protected":false},"excerpt":{"rendered":"<p>La C\u00e1mara Federal de Casaci\u00f3n Penal orden\u00f3 este viernes avanzar con la ejecuci\u00f3n de bienes&#8230;<\/p>\n","protected":false},"author":2,"featured_media":13954,"comment_status":"open","ping_status":"open","sticky":false,"template":"","format":"standard","meta":{"_jetpack_memberships_contains_paid_content":false,"footnotes":""},"categories":[3,3978],"tags":[151,2974,4287,2973,2972,98],"class_list":["post-16498","post","type-post","status-publish","format-standard","has-post-thumbnail","hentry","category-nacion","category-politica","tag-cristina-kirchner","tag-diego-barroetavena","tag-florencia-kirchner","tag-gustavo-hornos","tag-mariano-borinsky","tag-maximo-kirchner"],"jetpack_featured_media_url":"https:\/\/i0.wp.com\/realidadsur.com.ar\/wp-content\/uploads\/2025\/11\/Cristina-Kirchner-en-San-Jose-1111.jpg?fit=853%2C1280&ssl=1","jetpack_sharing_enabled":true,"_links":{"self":[{"href":"https:\/\/realidadsur.com.ar\/index.php?rest_route=\/wp\/v2\/posts\/16498","targetHints":{"allow":["GET"]}}],"collection":[{"href":"https:\/\/realidadsur.com.ar\/index.php?rest_route=\/wp\/v2\/posts"}],"about":[{"href":"https:\/\/realidadsur.com.ar\/index.php?rest_route=\/wp\/v2\/types\/post"}],"author":[{"embeddable":true,"href":"https:\/\/realidadsur.com.ar\/index.php?rest_route=\/wp\/v2\/users\/2"}],"replies":[{"embeddable":true,"href":"https:\/\/realidadsur.com.ar\/index.php?rest_route=%2Fwp%2Fv2%2Fcomments&post=16498"}],"version-history":[{"count":1,"href":"https:\/\/realidadsur.com.ar\/index.php?rest_route=\/wp\/v2\/posts\/16498\/revisions"}],"predecessor-version":[{"id":16499,"href":"https:\/\/realidadsur.com.ar\/index.php?rest_route=\/wp\/v2\/posts\/16498\/revisions\/16499"}],"wp:featuredmedia":[{"embeddable":true,"href":"https:\/\/realidadsur.com.ar\/index.php?rest_route=\/wp\/v2\/media\/13954"}],"wp:attachment":[{"href":"https:\/\/realidadsur.com.ar\/index.php?rest_route=%2Fwp%2Fv2%2Fmedia&parent=16498"}],"wp:term":[{"taxonomy":"category","embeddable":true,"href":"https:\/\/realidadsur.com.ar\/index.php?rest_route=%2Fwp%2Fv2%2Fcategories&post=16498"},{"taxonomy":"post_tag","embeddable":true,"href":"https:\/\/realidadsur.com.ar\/index.php?rest_route=%2Fwp%2Fv2%2Ftags&post=16498"}],"curies":[{"name":"wp","href":"https:\/\/api.w.org\/{rel}","templated":true}]}}