{"id":16506,"date":"2026-04-26T16:57:54","date_gmt":"2026-04-26T19:57:54","guid":{"rendered":"https:\/\/realidadsur.com.ar\/?p=16506"},"modified":"2026-04-26T16:57:56","modified_gmt":"2026-04-26T19:57:56","slug":"milei-repudio-el-fallido-atentado-contra-trump","status":"publish","type":"post","link":"https:\/\/realidadsur.com.ar\/?p=16506","title":{"rendered":"MILEI REPUDI\u00d3 EL FALLIDO ATENTADO CONTRA TRUMP"},"content":{"rendered":"\n<p>El presidente Javier Milei expres\u00f3 a trav\u00e9s de un comunicado oficial por la red X su \u201cm\u00e1s en\u00e9rgico repudio\u201d al intento de atentado que el presidente Donald Trump sufri\u00f3 el s\u00e1bado a la noche durante la cena de la Asociaci\u00f3n de Corresponsales en la ciudad de Washington.<\/p>\n\n\n\n<p>En un breve texto, el mandatario argentino apunt\u00f3 contra \u201cla ret\u00f3rica violenta\u201d como responsable del ataque frustrado. El mensaje, adem\u00e1s, destac\u00f3 que afortunadamente Trump haya salido ileso y expres\u00f3 su solidaridad con las autoridades y el pueblo de los Estados Unidos.<\/p>\n\n\n\n<p>El principal sospechoso, identificado como Cole Tomas Allen, de 31 a\u00f1os, fue detenido tras el hecho. De acuerdo con la reconstrucci\u00f3n oficial, el hombre viaj\u00f3 desde California hasta Washington siguiendo un itinerario que incluy\u00f3 un tramo en tren hasta Chicago y luego la continuaci\u00f3n hacia la capital estadounidense.<\/p>\n\n\n\n<p>Una vez en la ciudad, Allen se hosped\u00f3 en el mismo hotel Hilton donde se desarrollaba la tradicional gala que re\u00fane a periodistas, empresarios y referentes pol\u00edticos. Este dato refuerza la hip\u00f3tesis de una planificaci\u00f3n previa con conocimiento del lugar y del evento.<\/p>\n\n\n\n<p>El secretario de Justicia en funciones, Todd Blanche, confirm\u00f3 que el detenido portaba dos armas de fuego que habr\u00edan sido adquiridas en los \u00faltimos dos a\u00f1os. Adem\u00e1s, sostuvo que la principal l\u00ednea investigativa apunta a que el sospechoso ten\u00eda como objetivo atacar a funcionarios del gobierno, posiblemente incluyendo al propio mandatario.<\/p>\n\n\n\n<p>\u201cParece que de hecho se propuso atacar a personas que trabajan en el gobierno, probablemente incluido el presidente\u201d, se\u00f1al\u00f3 Blanche en declaraciones televisivas.<\/p>\n","protected":false},"excerpt":{"rendered":"<p>El presidente Javier Milei expres\u00f3 a trav\u00e9s de un comunicado oficial por la red X&#8230;<\/p>\n","protected":false},"author":2,"featured_media":16507,"comment_status":"open","ping_status":"open","sticky":false,"template":"","format":"standard","meta":{"_jetpack_memberships_contains_paid_content":false,"footnotes":""},"categories":[4190],"tags":[288,2331,200],"class_list":["post-16506","post","type-post","status-publish","format-standard","has-post-thumbnail","hentry","category-internacionales","tag-atentado","tag-donald-trump","tag-javier-milei"],"jetpack_featured_media_url":"https:\/\/i0.wp.com\/realidadsur.com.ar\/wp-content\/uploads\/2026\/04\/la-foto-del-detenido.webp?fit=983%2C720&ssl=1","jetpack_sharing_enabled":true,"_links":{"self":[{"href":"https:\/\/realidadsur.com.ar\/index.php?rest_route=\/wp\/v2\/posts\/16506","targetHints":{"allow":["GET"]}}],"collection":[{"href":"https:\/\/realidadsur.com.ar\/index.php?rest_route=\/wp\/v2\/posts"}],"about":[{"href":"https:\/\/realidadsur.com.ar\/index.php?rest_route=\/wp\/v2\/types\/post"}],"author":[{"embeddable":true,"href":"https:\/\/realidadsur.com.ar\/index.php?rest_route=\/wp\/v2\/users\/2"}],"replies":[{"embeddable":true,"href":"https:\/\/realidadsur.com.ar\/index.php?rest_route=%2Fwp%2Fv2%2Fcomments&post=16506"}],"version-history":[{"count":1,"href":"https:\/\/realidadsur.com.ar\/index.php?rest_route=\/wp\/v2\/posts\/16506\/revisions"}],"predecessor-version":[{"id":16508,"href":"https:\/\/realidadsur.com.ar\/index.php?rest_route=\/wp\/v2\/posts\/16506\/revisions\/16508"}],"wp:featuredmedia":[{"embeddable":true,"href":"https:\/\/realidadsur.com.ar\/index.php?rest_route=\/wp\/v2\/media\/16507"}],"wp:attachment":[{"href":"https:\/\/realidadsur.com.ar\/index.php?rest_route=%2Fwp%2Fv2%2Fmedia&parent=16506"}],"wp:term":[{"taxonomy":"category","embeddable":true,"href":"https:\/\/realidadsur.com.ar\/index.php?rest_route=%2Fwp%2Fv2%2Fcategories&post=16506"},{"taxonomy":"post_tag","embeddable":true,"href":"https:\/\/realidadsur.com.ar\/index.php?rest_route=%2Fwp%2Fv2%2Ftags&post=16506"}],"curies":[{"name":"wp","href":"https:\/\/api.w.org\/{rel}","templated":true}]}}