{"id":16512,"date":"2026-04-26T17:16:02","date_gmt":"2026-04-26T20:16:02","guid":{"rendered":"https:\/\/realidadsur.com.ar\/?p=16512"},"modified":"2026-04-26T17:16:04","modified_gmt":"2026-04-26T20:16:04","slug":"multitudinaria-convocatoria-por-el-dia-del-animal","status":"publish","type":"post","link":"https:\/\/realidadsur.com.ar\/?p=16512","title":{"rendered":"MULTITUDINARIA CONVOCATORIA POR EL D\u00cdA DEL ANIMAL"},"content":{"rendered":"\n<p>En el marco del D\u00eda Nacional del Animal, Berazategui vivi\u00f3 una jornada llena de alegr\u00eda. Cientos de vecinos y vecinas participaron del tradicional Encuentro Animal junto a sus compa\u00f1eros de vida, en el play\u00f3n del Edificio Municipal. El intendente Carlos Balor estuvo acompa\u00f1ado por su perra Tita.<\/p>\n\n\n\n<p>La jornada incluy\u00f3 una emotiva bendici\u00f3n de animales a cargo del Padre Ignacio Blanco, sorteos, vacunaci\u00f3n antirr\u00e1bica gratuita, entrega de antiparasitarios y reconocimientos a familias adoptantes. Tambi\u00e9n hubo charlas sobre tenencia responsable y cuidado animal, junto a informaci\u00f3n sobre los servicios de la Cl\u00ednica Veterinaria Municipal.<\/p>\n\n\n\n<p>\u201cGracias a todos los vecinos por ser parte de este evento, junto a sus animalitos. Nuestro querido Dr. Juan Jos\u00e9 Mussi amaba profundamente a los animales y Berazategui va a seguir ese camino\u201d, expres\u00f3 Balor. Adem\u00e1s, el Intendente destac\u00f3 el trabajo conjunto con la Fundaci\u00f3n Banco Provincia y la Secretar\u00eda de Salud municipal, y reafirm\u00f3 el acompa\u00f1amiento al rescatista oriundo de la ciudad, Fernando Pieroni.<\/p>\n\n\n\n<p>Durante el encuentro, Balor entreg\u00f3 a Pieroni un obsequio realizado por la artista Roc\u00edo Bogado, en reconocimiento a su labor al frente de la Fundaci\u00f3n Planeta Vivo.<\/p>\n\n\n\n<figure class=\"wp-block-image size-large\"><img data-recalc-dims=\"1\" loading=\"lazy\" decoding=\"async\" width=\"640\" height=\"427\" src=\"https:\/\/i0.wp.com\/realidadsur.com.ar\/wp-content\/uploads\/2026\/04\/20260425_Bendicion_Animal_Segunda_Tanda_SR_032-1024x683.jpg?resize=640%2C427&#038;ssl=1\" alt=\"\" class=\"wp-image-16514\" srcset=\"https:\/\/i0.wp.com\/realidadsur.com.ar\/wp-content\/uploads\/2026\/04\/20260425_Bendicion_Animal_Segunda_Tanda_SR_032.jpg?resize=1024%2C683&amp;ssl=1 1024w, https:\/\/i0.wp.com\/realidadsur.com.ar\/wp-content\/uploads\/2026\/04\/20260425_Bendicion_Animal_Segunda_Tanda_SR_032.jpg?resize=300%2C200&amp;ssl=1 300w, https:\/\/i0.wp.com\/realidadsur.com.ar\/wp-content\/uploads\/2026\/04\/20260425_Bendicion_Animal_Segunda_Tanda_SR_032.jpg?resize=768%2C512&amp;ssl=1 768w, https:\/\/i0.wp.com\/realidadsur.com.ar\/wp-content\/uploads\/2026\/04\/20260425_Bendicion_Animal_Segunda_Tanda_SR_032.jpg?resize=1536%2C1024&amp;ssl=1 1536w, https:\/\/i0.wp.com\/realidadsur.com.ar\/wp-content\/uploads\/2026\/04\/20260425_Bendicion_Animal_Segunda_Tanda_SR_032.jpg?w=2048&amp;ssl=1 2048w, https:\/\/i0.wp.com\/realidadsur.com.ar\/wp-content\/uploads\/2026\/04\/20260425_Bendicion_Animal_Segunda_Tanda_SR_032.jpg?w=1280 1280w, https:\/\/i0.wp.com\/realidadsur.com.ar\/wp-content\/uploads\/2026\/04\/20260425_Bendicion_Animal_Segunda_Tanda_SR_032.jpg?w=1920 1920w\" sizes=\"auto, (max-width: 640px) 100vw, 640px\" \/><\/figure>\n\n\n\n<p>Por su parte, la gerenta general de la Fundaci\u00f3n Banco Provincia, Victoria Iommi, valor\u00f3 la articulaci\u00f3n con el Municipio: \u201cEs una alegr\u00eda acompa\u00f1ar esta propuesta tan importante. Venimos trabajando en conjunto, en distintas iniciativas, y hoy podemos sumar nuestro aporte para los animalitos\u201d.<\/p>\n\n\n\n<p>A su vez, Fernando Pieroni destac\u00f3: \u201cGracias al Dr. Mussi hoy contamos con un predio donde estamos construyendo un Centro de rescate y asistencia para animales dom\u00e9sticos y fauna silvestre. Es un sue\u00f1o que empieza a hacerse realidad\u201d.<\/p>\n\n\n\n<p>Adem\u00e1s, el evento cont\u00f3 con stands de emprendedores de la Feria Municipal Emprender, actividades recreativas para toda la familia, estampado de remeras y foodtrucks con variadas propuestas gastron\u00f3micas.<\/p>\n\n\n\n<p>\u201cSiempre venimos; es un evento hermoso, hecho con mucho amor\u201d, cont\u00f3 Cecilia, vecina de la ciudad que particip\u00f3 junto a su perrita Gina. \u201cLa adoptamos y es parte de nuestra familia. Es muy importante que existan estos espacios y los servicios gratuitos para los animales\u201d, agreg\u00f3.<\/p>\n\n\n\n<p>Durante el encuentro tambi\u00e9n se proyect\u00f3 un video en homenaje al Dr. Juan Jos\u00e9 Mussi. En la jornada acompa\u00f1aron autoridades municipales, entre ellas la subsecretaria de Salud P\u00fablica e Higiene, Luciana Soto.<\/p>\n\n\n\n<p>A trav\u00e9s de la Secretar\u00eda de Salud P\u00fablica e Higiene, el Municipio contin\u00faa fortaleciendo pol\u00edticas sostenidas de protecci\u00f3n animal. Desde 2013, la Cl\u00ednica Veterinaria Municipal brinda atenci\u00f3n gratuita y promueve la tenencia responsable, consolid\u00e1ndose como un espacio pionero y modelo a nivel nacional.<\/p>\n\n\n\n<p>Asimismo, Berazategui fue el primer distrito en decirle No a la tracci\u00f3n a sangre, prohibida desde 2019 (Ordenanza Municipal N\u00b0 5694). Gracias a esta normativa, y mediante la constante labor de los y las profesionales de la Veterinaria Municipal, en los \u00faltimos diez a\u00f1os se rescataron y recuperaron m\u00e1s de 100 caballos que sufr\u00edan maltrato y abandono. Berazategui marc\u00f3 un hito a trav\u00e9s de esta iniciativa y es un ejemplo a seguir para otros municipios e incluso para algunos Gobiernos provinciales.<\/p>\n","protected":false},"excerpt":{"rendered":"<p>En el marco del D\u00eda Nacional del Animal, Berazategui vivi\u00f3 una jornada llena de alegr\u00eda&#8230;.<\/p>\n","protected":false},"author":2,"featured_media":16513,"comment_status":"open","ping_status":"open","sticky":false,"template":"","format":"standard","meta":{"_jetpack_memberships_contains_paid_content":false,"footnotes":""},"categories":[6],"tags":[11,2476,9],"class_list":["post-16512","post","type-post","status-publish","format-standard","has-post-thumbnail","hentry","category-berazategui","tag-berazategui","tag-carlos-balor","tag-juan-jose-mussi"],"jetpack_featured_media_url":"https:\/\/i0.wp.com\/realidadsur.com.ar\/wp-content\/uploads\/2026\/04\/20260425_Bendicion_Mascotas_Encuentro_Animal_JD_2_BALOR_Tanda_02_JD__057-e1777234529207.jpg?fit=1574%2C902&ssl=1","jetpack_sharing_enabled":true,"_links":{"self":[{"href":"https:\/\/realidadsur.com.ar\/index.php?rest_route=\/wp\/v2\/posts\/16512","targetHints":{"allow":["GET"]}}],"collection":[{"href":"https:\/\/realidadsur.com.ar\/index.php?rest_route=\/wp\/v2\/posts"}],"about":[{"href":"https:\/\/realidadsur.com.ar\/index.php?rest_route=\/wp\/v2\/types\/post"}],"author":[{"embeddable":true,"href":"https:\/\/realidadsur.com.ar\/index.php?rest_route=\/wp\/v2\/users\/2"}],"replies":[{"embeddable":true,"href":"https:\/\/realidadsur.com.ar\/index.php?rest_route=%2Fwp%2Fv2%2Fcomments&post=16512"}],"version-history":[{"count":1,"href":"https:\/\/realidadsur.com.ar\/index.php?rest_route=\/wp\/v2\/posts\/16512\/revisions"}],"predecessor-version":[{"id":16515,"href":"https:\/\/realidadsur.com.ar\/index.php?rest_route=\/wp\/v2\/posts\/16512\/revisions\/16515"}],"wp:featuredmedia":[{"embeddable":true,"href":"https:\/\/realidadsur.com.ar\/index.php?rest_route=\/wp\/v2\/media\/16513"}],"wp:attachment":[{"href":"https:\/\/realidadsur.com.ar\/index.php?rest_route=%2Fwp%2Fv2%2Fmedia&parent=16512"}],"wp:term":[{"taxonomy":"category","embeddable":true,"href":"https:\/\/realidadsur.com.ar\/index.php?rest_route=%2Fwp%2Fv2%2Fcategories&post=16512"},{"taxonomy":"post_tag","embeddable":true,"href":"https:\/\/realidadsur.com.ar\/index.php?rest_route=%2Fwp%2Fv2%2Ftags&post=16512"}],"curies":[{"name":"wp","href":"https:\/\/api.w.org\/{rel}","templated":true}]}}