{"id":16518,"date":"2026-04-27T14:23:26","date_gmt":"2026-04-27T17:23:26","guid":{"rendered":"https:\/\/realidadsur.com.ar\/?p=16518"},"modified":"2026-04-27T14:23:29","modified_gmt":"2026-04-27T17:23:29","slug":"la-cgt-recusa-a-los-jueces-que-volvieron-a-poner-en-vigencia-la-refoma-laboral-de-milei","status":"publish","type":"post","link":"https:\/\/realidadsur.com.ar\/?p=16518","title":{"rendered":"LA CGT RECUSA A LOS JUECES QUE VOLVIERON A PONER EN VIGENCIA LA REFOMA LABORAL DE MILEI"},"content":{"rendered":"\n<p>La Confederaci\u00f3n General del Trabajo (CGT) recus\u00f3 este lunes a los dos miembros de la C\u00e1mara Nacional de Apelaciones del Trabajo que rechazaron y dejaron sin efecto una cautelar contra la reforma laboral, y pidi\u00f3 la \u201cnulidad absoluta\u201d de ese fallo que reactiv\u00f3 la vigencia de la ley.<\/p>\n\n\n\n<p>La CGT recus\u00f3 \u201ccon causa\u201d a los jueces V\u00edctor Arturo Pesino y Mar\u00eda Dora Gonz\u00e1lez, los dos integrantes de la Sala que dej\u00f3 sin efecto la cautelar favorable a la central sindical, \u201cpor haber prejuzgado&#8221; sobre los derechos que constituyen la materia de fondo de la cautelar que suspendi\u00f3 82 art\u00edculos de la reforma laboral.<\/p>\n\n\n\n<p>Asimismo, recus\u00f3 tambi\u00e9n a Pesino por \u201cfavorecer la posici\u00f3n de la demandada\u201d, en alusi\u00f3n al Estado nacional, y simult\u00e1neamente ser favorecido con un pedido al Consejo de la Magistratura para que siga en el cargo m\u00e1s all\u00e1 de los 75 a\u00f1os, medida que fue publicada en el Bolet\u00edn Oficial.<\/p>\n\n\n\n<p>Obtener \u201cun beneficio a todas luces may\u00fasculo como lo es continuar en el ejercicio de la funci\u00f3n judicial por 5 a\u00f1os, constituye no solo una conducta contraria a la \u00e9tica, sino tambi\u00e9n una causa objetiva de apartamiento de acuerdo a las reglas de la ley\u201d.<\/p>\n","protected":false},"excerpt":{"rendered":"<p>La Confederaci\u00f3n General del Trabajo (CGT) recus\u00f3 este lunes a los dos miembros de la&#8230;<\/p>\n","protected":false},"author":2,"featured_media":15866,"comment_status":"open","ping_status":"open","sticky":false,"template":"","format":"standard","meta":{"_jetpack_memberships_contains_paid_content":false,"footnotes":""},"categories":[3823,3978],"tags":[1129,200,1825],"class_list":["post-16518","post","type-post","status-publish","format-standard","has-post-thumbnail","hentry","category-economia","category-politica","tag-cgt","tag-javier-milei","tag-reforma-laboral"],"jetpack_featured_media_url":"https:\/\/i0.wp.com\/realidadsur.com.ar\/wp-content\/uploads\/2026\/03\/cgt.png?fit=900%2C916&ssl=1","jetpack_sharing_enabled":true,"_links":{"self":[{"href":"https:\/\/realidadsur.com.ar\/index.php?rest_route=\/wp\/v2\/posts\/16518","targetHints":{"allow":["GET"]}}],"collection":[{"href":"https:\/\/realidadsur.com.ar\/index.php?rest_route=\/wp\/v2\/posts"}],"about":[{"href":"https:\/\/realidadsur.com.ar\/index.php?rest_route=\/wp\/v2\/types\/post"}],"author":[{"embeddable":true,"href":"https:\/\/realidadsur.com.ar\/index.php?rest_route=\/wp\/v2\/users\/2"}],"replies":[{"embeddable":true,"href":"https:\/\/realidadsur.com.ar\/index.php?rest_route=%2Fwp%2Fv2%2Fcomments&post=16518"}],"version-history":[{"count":1,"href":"https:\/\/realidadsur.com.ar\/index.php?rest_route=\/wp\/v2\/posts\/16518\/revisions"}],"predecessor-version":[{"id":16519,"href":"https:\/\/realidadsur.com.ar\/index.php?rest_route=\/wp\/v2\/posts\/16518\/revisions\/16519"}],"wp:featuredmedia":[{"embeddable":true,"href":"https:\/\/realidadsur.com.ar\/index.php?rest_route=\/wp\/v2\/media\/15866"}],"wp:attachment":[{"href":"https:\/\/realidadsur.com.ar\/index.php?rest_route=%2Fwp%2Fv2%2Fmedia&parent=16518"}],"wp:term":[{"taxonomy":"category","embeddable":true,"href":"https:\/\/realidadsur.com.ar\/index.php?rest_route=%2Fwp%2Fv2%2Fcategories&post=16518"},{"taxonomy":"post_tag","embeddable":true,"href":"https:\/\/realidadsur.com.ar\/index.php?rest_route=%2Fwp%2Fv2%2Ftags&post=16518"}],"curies":[{"name":"wp","href":"https:\/\/api.w.org\/{rel}","templated":true}]}}