{"id":16521,"date":"2026-04-27T15:37:54","date_gmt":"2026-04-27T18:37:54","guid":{"rendered":"https:\/\/realidadsur.com.ar\/?p=16521"},"modified":"2026-04-27T15:39:08","modified_gmt":"2026-04-27T18:39:08","slug":"la-provincia-auxiliara-con-medicamentos-a-los-municipios","status":"publish","type":"post","link":"https:\/\/realidadsur.com.ar\/?p=16521","title":{"rendered":"LA PROVINCIA AUXILIAR\u00c1 CON MEDICAMENTOS A LOS MUNICIPIOS"},"content":{"rendered":"\n<p>Ante la interrupci\u00f3n del Gobierno nacional del Programa Remediar, el gobernador de la provincia de Buenos Aires, Axel Kicillof, avanzar\u00e1 con un refuerzo del programa Medicamentos Bonaerenses, que garantiza a la poblaci\u00f3n la cobertura p\u00fablica de remedios para el tratamiento de enfermedades prevalentes.<\/p>\n\n\n\n<p>El ministro de Gobierno, Carlos Bianco, dijo que los detalles de la iniciativa los va a anunciar el propio Kicillof el jueves durante una recorrida por el dep\u00f3sito de medicamentos del Hospital Interzonal Especializado de Agudos y Cr\u00f3nicos Doctor Alejandro Korn.<\/p>\n\n\n\n<p>\u201cEl Gobierno nacional deja de invertir en el suministro de medicamentos e inmediatamente el Gobierno provincial tiene que asistir a la poblaci\u00f3n que queda desguarecida\u201d, dijo Bianco en su habitual conferencia de prensa. Y cont\u00f3 que la Provincia adquiri\u00f3 74 medicamentos en una licitaci\u00f3n p\u00fablica por m\u00e1s de 24.500 millones de pesos, que ser\u00e1n enviados a los muunicipios para reforzar los 91 que ya se entregan.<\/p>\n","protected":false},"excerpt":{"rendered":"<p>Ante la interrupci\u00f3n del Gobierno nacional del Programa Remediar, el gobernador de la provincia de&#8230;<\/p>\n","protected":false},"author":2,"featured_media":16522,"comment_status":"open","ping_status":"open","sticky":false,"template":"","format":"standard","meta":{"_jetpack_memberships_contains_paid_content":false,"footnotes":""},"categories":[570,3,3978,4],"tags":[24,200],"class_list":["post-16521","post","type-post","status-publish","format-standard","has-post-thumbnail","hentry","category-la-plata","category-nacion","category-politica","category-provincia","tag-axel-kicillof","tag-javier-milei"],"jetpack_featured_media_url":"https:\/\/i0.wp.com\/realidadsur.com.ar\/wp-content\/uploads\/2026\/04\/Los-medicamentos-seran-para-enfermedades-prevalecentes.jpg?fit=1000%2C667&ssl=1","jetpack_sharing_enabled":true,"_links":{"self":[{"href":"https:\/\/realidadsur.com.ar\/index.php?rest_route=\/wp\/v2\/posts\/16521","targetHints":{"allow":["GET"]}}],"collection":[{"href":"https:\/\/realidadsur.com.ar\/index.php?rest_route=\/wp\/v2\/posts"}],"about":[{"href":"https:\/\/realidadsur.com.ar\/index.php?rest_route=\/wp\/v2\/types\/post"}],"author":[{"embeddable":true,"href":"https:\/\/realidadsur.com.ar\/index.php?rest_route=\/wp\/v2\/users\/2"}],"replies":[{"embeddable":true,"href":"https:\/\/realidadsur.com.ar\/index.php?rest_route=%2Fwp%2Fv2%2Fcomments&post=16521"}],"version-history":[{"count":2,"href":"https:\/\/realidadsur.com.ar\/index.php?rest_route=\/wp\/v2\/posts\/16521\/revisions"}],"predecessor-version":[{"id":16524,"href":"https:\/\/realidadsur.com.ar\/index.php?rest_route=\/wp\/v2\/posts\/16521\/revisions\/16524"}],"wp:featuredmedia":[{"embeddable":true,"href":"https:\/\/realidadsur.com.ar\/index.php?rest_route=\/wp\/v2\/media\/16522"}],"wp:attachment":[{"href":"https:\/\/realidadsur.com.ar\/index.php?rest_route=%2Fwp%2Fv2%2Fmedia&parent=16521"}],"wp:term":[{"taxonomy":"category","embeddable":true,"href":"https:\/\/realidadsur.com.ar\/index.php?rest_route=%2Fwp%2Fv2%2Fcategories&post=16521"},{"taxonomy":"post_tag","embeddable":true,"href":"https:\/\/realidadsur.com.ar\/index.php?rest_route=%2Fwp%2Fv2%2Ftags&post=16521"}],"curies":[{"name":"wp","href":"https:\/\/api.w.org\/{rel}","templated":true}]}}