{"id":16528,"date":"2026-04-27T15:57:23","date_gmt":"2026-04-27T18:57:23","guid":{"rendered":"https:\/\/realidadsur.com.ar\/?p=16528"},"modified":"2026-04-27T15:57:26","modified_gmt":"2026-04-27T18:57:26","slug":"balor-se-reunion-con-la-asociacion-judicial-bonaerense","status":"publish","type":"post","link":"https:\/\/realidadsur.com.ar\/?p=16528","title":{"rendered":"BALOR SE REUNI\u00d3N CON LA ASOCIACI\u00d3N JUDICIAL BONAERENSE"},"content":{"rendered":"\n<p>El intendente de Berazategui, Carlos Balor, mantuvo una reuni\u00f3n con autoridades de la Asociaci\u00f3n Judicial Bonaerense del Departamento Judicial Quilmes, en el marco de una agenda orientada a consolidar y fortalecer los lazos institucionales con distintos sectores.<\/p>\n\n\n\n<p>De la reuni\u00f3n participaron Gustavo Gil, secretario general; Federico Benguria, secretario de Organizaci\u00f3n; Nahuel Staffa, secretario provincial de Acci\u00f3n Social; y el subsecretario de Asesor\u00eda Letrada y titular de la Coordinaci\u00f3n de Cuestiones Jur\u00eddicas de Familia del Municipio, Dr. Estaban Ayala.<\/p>\n\n\n\n<p>All\u00ed, Carlos Balor destac\u00f3 la continuidad de este v\u00ednculo institucional que hist\u00f3ricamente mantuvo la gesti\u00f3n municipal con el gremio de los judiciales.<\/p>\n\n\n\n<p>Durante el encuentro se reafirm\u00f3 la importancia de sostener el di\u00e1logo permanente entre el Municipio y las entidades representativas de los trabajadores judiciales, siguiendo una l\u00ednea de articulaci\u00f3n institucional que permita avanzar en temas de inter\u00e9s com\u00fan y mantener abiertos los canales de intercambio.<\/p>\n","protected":false},"excerpt":{"rendered":"<p>El intendente de Berazategui, Carlos Balor, mantuvo una reuni\u00f3n con autoridades de la Asociaci\u00f3n Judicial&#8230;<\/p>\n","protected":false},"author":2,"featured_media":16529,"comment_status":"open","ping_status":"open","sticky":false,"template":"","format":"standard","meta":{"_jetpack_memberships_contains_paid_content":false,"footnotes":""},"categories":[6,3978,4],"tags":[4292,11,2476],"class_list":["post-16528","post","type-post","status-publish","format-standard","has-post-thumbnail","hentry","category-berazategui","category-politica","category-provincia","tag-asociacion-judicial-bonaerense","tag-berazategui","tag-carlos-balor"],"jetpack_featured_media_url":"https:\/\/i0.wp.com\/realidadsur.com.ar\/wp-content\/uploads\/2026\/04\/Balor-se-reunio-con-la-Asociacion-Judicial-Bonaerense-1.jpg?fit=1793%2C1195&ssl=1","jetpack_sharing_enabled":true,"_links":{"self":[{"href":"https:\/\/realidadsur.com.ar\/index.php?rest_route=\/wp\/v2\/posts\/16528","targetHints":{"allow":["GET"]}}],"collection":[{"href":"https:\/\/realidadsur.com.ar\/index.php?rest_route=\/wp\/v2\/posts"}],"about":[{"href":"https:\/\/realidadsur.com.ar\/index.php?rest_route=\/wp\/v2\/types\/post"}],"author":[{"embeddable":true,"href":"https:\/\/realidadsur.com.ar\/index.php?rest_route=\/wp\/v2\/users\/2"}],"replies":[{"embeddable":true,"href":"https:\/\/realidadsur.com.ar\/index.php?rest_route=%2Fwp%2Fv2%2Fcomments&post=16528"}],"version-history":[{"count":1,"href":"https:\/\/realidadsur.com.ar\/index.php?rest_route=\/wp\/v2\/posts\/16528\/revisions"}],"predecessor-version":[{"id":16530,"href":"https:\/\/realidadsur.com.ar\/index.php?rest_route=\/wp\/v2\/posts\/16528\/revisions\/16530"}],"wp:featuredmedia":[{"embeddable":true,"href":"https:\/\/realidadsur.com.ar\/index.php?rest_route=\/wp\/v2\/media\/16529"}],"wp:attachment":[{"href":"https:\/\/realidadsur.com.ar\/index.php?rest_route=%2Fwp%2Fv2%2Fmedia&parent=16528"}],"wp:term":[{"taxonomy":"category","embeddable":true,"href":"https:\/\/realidadsur.com.ar\/index.php?rest_route=%2Fwp%2Fv2%2Fcategories&post=16528"},{"taxonomy":"post_tag","embeddable":true,"href":"https:\/\/realidadsur.com.ar\/index.php?rest_route=%2Fwp%2Fv2%2Ftags&post=16528"}],"curies":[{"name":"wp","href":"https:\/\/api.w.org\/{rel}","templated":true}]}}